{"id":16462,"date":"2016-10-20T21:53:41","date_gmt":"2016-10-20T21:53:41","guid":{"rendered":""},"modified":"2016-10-20T21:53:41","modified_gmt":"2016-10-20T21:53:41","slug":"sobre-el-cancer-hablaran-mujeres-en-san-miguelito","status":"publish","type":"post","link":"https:\/\/sertv.gob.pa\/nacionalfm\/sobre-el-cancer-hablaran-mujeres-en-san-miguelito\/","title":{"rendered":"Sobre el  c\u00e1ncer hablar\u00e1n mujeres en San Miguelito"},"content":{"rendered":"<p>\nCon el fin de que las paname\u00f1as conozcan todo lo que conlleva padecer c\u00e1ncer y que entiendan lo importante que es detectar oportunamente cualquier se\u00f1al de este mal, la Alcald\u00eda de San Miguelito realizar\u00e1, la tarde del pr\u00f3ximo 22 de octubre, un conversatorio con la participaci\u00f3n de especialistas en el tema. <\/p>\n<p>El llamado &ldquo;Conversatorio para Mujeres&rdquo; contar\u00e1 con las exposiciones de Piky Zubieta, creadora de la cuenta de Instagram y Blog \u00abEntre libras&rdquo;, quien hablar\u00e1 sobre autoestima; y de Mariela Limbardo, enfermera obstetra, quien compartir\u00e1 tips m\u00e9dicos en torno al c\u00e1ncer. <\/p>\n<p>Las que asistan a esta actividad gratuita, podr\u00e1n escuchar a la nutricionista Sara Saldarriaga Alvarado que se referir\u00e1 al estilo de vida saludable necesario para mantener el c\u00e1ncer a raya. <\/p>\n<p>Igualmente se contar\u00e1 con la exposici\u00f3n de una sobreviviente de c\u00e1ncer, Ariana Lyma-Young de Policani, cuyo testimonio de vida dar\u00e1 luces sobre c\u00f3mo puede afectar el c\u00e1ncer a una persona y a su familia. <\/p>\n<p>Este evento ser\u00e1 de 1:00 p.m. a 4:00 p.m. y contar\u00e1 con la presencia del alcalde Gerald Cumberbatch y representantes de ONG. <\/p>\n<p>\u00a0 <\/p>\n","protected":false},"excerpt":{"rendered":"<p>Con el fin de que las paname\u00f1as conozcan todo lo <a href=\"https:\/\/sertv.gob.pa\/nacionalfm\/sobre-el-cancer-hablaran-mujeres-en-san-miguelito\/\"> [&#8230;]<\/a><\/p>\n","protected":false},"author":1,"featured_media":16463,"comment_status":"closed","ping_status":"closed","sticky":false,"template":"","format":"standard","meta":{"footnotes":""},"categories":[5],"tags":[],"class_list":["post-16462","post","type-post","status-publish","format-standard","has-post-thumbnail","hentry","category-salud"],"_links":{"self":[{"href":"https:\/\/sertv.gob.pa\/nacionalfm\/wp-json\/wp\/v2\/posts\/16462","targetHints":{"allow":["GET"]}}],"collection":[{"href":"https:\/\/sertv.gob.pa\/nacionalfm\/wp-json\/wp\/v2\/posts"}],"about":[{"href":"https:\/\/sertv.gob.pa\/nacionalfm\/wp-json\/wp\/v2\/types\/post"}],"author":[{"embeddable":true,"href":"https:\/\/sertv.gob.pa\/nacionalfm\/wp-json\/wp\/v2\/users\/1"}],"replies":[{"embeddable":true,"href":"https:\/\/sertv.gob.pa\/nacionalfm\/wp-json\/wp\/v2\/comments?post=16462"}],"version-history":[{"count":0,"href":"https:\/\/sertv.gob.pa\/nacionalfm\/wp-json\/wp\/v2\/posts\/16462\/revisions"}],"wp:featuredmedia":[{"embeddable":true,"href":"https:\/\/sertv.gob.pa\/nacionalfm\/wp-json\/wp\/v2\/media\/16463"}],"wp:attachment":[{"href":"https:\/\/sertv.gob.pa\/nacionalfm\/wp-json\/wp\/v2\/media?parent=16462"}],"wp:term":[{"taxonomy":"category","embeddable":true,"href":"https:\/\/sertv.gob.pa\/nacionalfm\/wp-json\/wp\/v2\/categories?post=16462"},{"taxonomy":"post_tag","embeddable":true,"href":"https:\/\/sertv.gob.pa\/nacionalfm\/wp-json\/wp\/v2\/tags?post=16462"}],"curies":[{"name":"wp","href":"https:\/\/api.w.org\/{rel}","templated":true}]}}