{"id":1650,"date":"2014-09-22T05:00:00","date_gmt":"2014-09-22T05:00:00","guid":{"rendered":""},"modified":"2014-09-22T05:00:00","modified_gmt":"2014-09-22T05:00:00","slug":"restauran-de-forma-progresiva-el-servicio-de-tarjetas-clave","status":"publish","type":"post","link":"https:\/\/sertv.gob.pa\/nacionalfm\/restauran-de-forma-progresiva-el-servicio-de-tarjetas-clave\/","title":{"rendered":"Restauran de forma progresiva el Servicio de tarjetas Clave"},"content":{"rendered":"<p>\nAcorde a informes de quienes conforman la empresa Telered, S.A., que opera la red interbancaria de cajeros autom\u00e1ticos y sus puntos de venta de tarjetas Clave, en el transcurso de la ma\u00f1ana de este lunes, 22 de septiembre, se restablecer\u00e1 el servicio que brinda a los clientes. <\/p>\n<p>Esto, despu\u00e9s de que durante la madrugada de este lunes se produjeran trabajos de mantenimiento en toda la red (debido a las bajas transacciones que se realizan a estas horas). <\/p>\n<p>A causa de ello, muchos usuarios expresaron que esta ma\u00f1ana ten\u00edan inconvenientes para usar sus tarjetas en los comercios. <\/p>\n<p>Cabe mencionar, que el restablecimiento del sistema se estar\u00e1 desarrollando poco a poco, enfatizaron voceros de la empresa. Adicionaron que todos los bancos de la plaza ten\u00edan conocimiento de este mantenimiento y que se encuentran preparados para atender esta situaci\u00f3n. <\/p>\n<p>No hay que olvidar, que hasta el presente, \u00e9sta red cuenta con mil 600 cajeros autom\u00e1ticos instalados en todo el territorio nacional.\u00a0\u00a0 @nacionalFm <\/p>\n","protected":false},"excerpt":{"rendered":"<p>Acorde a informes de quienes conforman la empresa Telered, S.A., <a href=\"https:\/\/sertv.gob.pa\/nacionalfm\/restauran-de-forma-progresiva-el-servicio-de-tarjetas-clave\/\"> [&#8230;]<\/a><\/p>\n","protected":false},"author":1,"featured_media":1651,"comment_status":"closed","ping_status":"closed","sticky":false,"template":"","format":"standard","meta":{"footnotes":""},"categories":[2],"tags":[],"class_list":["post-1650","post","type-post","status-publish","format-standard","has-post-thumbnail","hentry","category-nacionales"],"_links":{"self":[{"href":"https:\/\/sertv.gob.pa\/nacionalfm\/wp-json\/wp\/v2\/posts\/1650","targetHints":{"allow":["GET"]}}],"collection":[{"href":"https:\/\/sertv.gob.pa\/nacionalfm\/wp-json\/wp\/v2\/posts"}],"about":[{"href":"https:\/\/sertv.gob.pa\/nacionalfm\/wp-json\/wp\/v2\/types\/post"}],"author":[{"embeddable":true,"href":"https:\/\/sertv.gob.pa\/nacionalfm\/wp-json\/wp\/v2\/users\/1"}],"replies":[{"embeddable":true,"href":"https:\/\/sertv.gob.pa\/nacionalfm\/wp-json\/wp\/v2\/comments?post=1650"}],"version-history":[{"count":0,"href":"https:\/\/sertv.gob.pa\/nacionalfm\/wp-json\/wp\/v2\/posts\/1650\/revisions"}],"wp:featuredmedia":[{"embeddable":true,"href":"https:\/\/sertv.gob.pa\/nacionalfm\/wp-json\/wp\/v2\/media\/1651"}],"wp:attachment":[{"href":"https:\/\/sertv.gob.pa\/nacionalfm\/wp-json\/wp\/v2\/media?parent=1650"}],"wp:term":[{"taxonomy":"category","embeddable":true,"href":"https:\/\/sertv.gob.pa\/nacionalfm\/wp-json\/wp\/v2\/categories?post=1650"},{"taxonomy":"post_tag","embeddable":true,"href":"https:\/\/sertv.gob.pa\/nacionalfm\/wp-json\/wp\/v2\/tags?post=1650"}],"curies":[{"name":"wp","href":"https:\/\/api.w.org\/{rel}","templated":true}]}}