{"id":16513,"date":"2016-10-21T21:48:32","date_gmt":"2016-10-21T21:48:32","guid":{"rendered":""},"modified":"2016-10-21T21:48:32","modified_gmt":"2016-10-21T21:48:32","slug":"acciones-para-evitar-brote-de-colera-se-refuerzan-en-r-dominicana","status":"publish","type":"post","link":"https:\/\/sertv.gob.pa\/nacionalfm\/acciones-para-evitar-brote-de-colera-se-refuerzan-en-r-dominicana\/","title":{"rendered":"Acciones para evitar brote de c\u00f3lera se refuerzan en R. Dominicana"},"content":{"rendered":"<p>\nHoy el Ministerio de Salud de la Rep\u00fablica Dominicana anunci\u00f3 que aument\u00f3 las medidas preventivas para disminuir la posibilidad de un brote de c\u00f3lera ante el recrudecimiento de esta enfermedad en Hait\u00ed \u00a0luego del paso del hurac\u00e1n Matthew por esa naci\u00f3n. <\/p>\n<p>La cartera de salud, que ayer declar\u00f3 alerta epidemiol\u00f3gica preventiva en la frontera con Hait\u00ed, indic\u00f3 que tom\u00f3 la medida de conformidad con los protocolos nacionales e internacionales establecidos tras un desastre natural. <\/p>\n<p>Las acciones se adoptan de conformidad con los informes de la Oficina de la ONU para la Coordinaci\u00f3n de Asuntos Humanitarios (OCHA) que destaca que el pasado 4 de octubre el hurac\u00e1n Matthew golpe\u00f3 violentamente parte de Hait\u00ed, provocando el incremento en el n\u00famero de casos de enfermedades, en especial el c\u00f3lera, situaci\u00f3n que pone en peligro al pa\u00eds y otras regiones cercanas, indic\u00f3. <\/p>\n<p>La situaci\u00f3n de desastre del pa\u00eds vecino puede agravarse con el aumento de brotes de enfermedades con potencial epid\u00e9mico, teniendo repercusiones importantes en el territorio dominicano, agreg\u00f3 Salud P\u00fablica en un comunicado. <\/p>\n<p>Entre las enfermedades m\u00e1s frecuentes que surgen tras desastre naturales, Salud P\u00fablica cit\u00f3 c\u00f3lera, difteria, las enfermedades meningoc\u00f3cica, fiebre, leptospirosis, malaria, par\u00e1lisis fl\u00e1cida, rabia (animal y humana), tosferina, t\u00e9tanos, entre otras. <\/p>\n<p>El cicl\u00f3n Matthew caus\u00f3 en Hait\u00ed 546 muertos, 128 desaparecidos y 175.500 desplazados, seg\u00fan cifras oficiales. <\/p>\n<p>\u00a0 <\/p>\n<p>\u00a0 <\/p>\n","protected":false},"excerpt":{"rendered":"<p>Hoy el Ministerio de Salud de la Rep\u00fablica Dominicana anunci\u00f3 <a href=\"https:\/\/sertv.gob.pa\/nacionalfm\/acciones-para-evitar-brote-de-colera-se-refuerzan-en-r-dominicana\/\"> [&#8230;]<\/a><\/p>\n","protected":false},"author":1,"featured_media":16514,"comment_status":"closed","ping_status":"closed","sticky":false,"template":"","format":"standard","meta":{"footnotes":""},"categories":[5],"tags":[],"class_list":["post-16513","post","type-post","status-publish","format-standard","has-post-thumbnail","hentry","category-salud"],"_links":{"self":[{"href":"https:\/\/sertv.gob.pa\/nacionalfm\/wp-json\/wp\/v2\/posts\/16513","targetHints":{"allow":["GET"]}}],"collection":[{"href":"https:\/\/sertv.gob.pa\/nacionalfm\/wp-json\/wp\/v2\/posts"}],"about":[{"href":"https:\/\/sertv.gob.pa\/nacionalfm\/wp-json\/wp\/v2\/types\/post"}],"author":[{"embeddable":true,"href":"https:\/\/sertv.gob.pa\/nacionalfm\/wp-json\/wp\/v2\/users\/1"}],"replies":[{"embeddable":true,"href":"https:\/\/sertv.gob.pa\/nacionalfm\/wp-json\/wp\/v2\/comments?post=16513"}],"version-history":[{"count":0,"href":"https:\/\/sertv.gob.pa\/nacionalfm\/wp-json\/wp\/v2\/posts\/16513\/revisions"}],"wp:featuredmedia":[{"embeddable":true,"href":"https:\/\/sertv.gob.pa\/nacionalfm\/wp-json\/wp\/v2\/media\/16514"}],"wp:attachment":[{"href":"https:\/\/sertv.gob.pa\/nacionalfm\/wp-json\/wp\/v2\/media?parent=16513"}],"wp:term":[{"taxonomy":"category","embeddable":true,"href":"https:\/\/sertv.gob.pa\/nacionalfm\/wp-json\/wp\/v2\/categories?post=16513"},{"taxonomy":"post_tag","embeddable":true,"href":"https:\/\/sertv.gob.pa\/nacionalfm\/wp-json\/wp\/v2\/tags?post=16513"}],"curies":[{"name":"wp","href":"https:\/\/api.w.org\/{rel}","templated":true}]}}