{"id":16551,"date":"2016-10-24T21:44:33","date_gmt":"2016-10-24T21:44:33","guid":{"rendered":""},"modified":"2016-10-24T21:44:33","modified_gmt":"2016-10-24T21:44:33","slug":"futbolistas-ven-afectada-su-memoria-tras-cabecear-un-balon","status":"publish","type":"post","link":"https:\/\/sertv.gob.pa\/nacionalfm\/futbolistas-ven-afectada-su-memoria-tras-cabecear-un-balon\/","title":{"rendered":"Futbolistas ven afectada su memoria tras cabecear un bal\u00f3n"},"content":{"rendered":"<p>\nJugar de cabeza en el  f\u00fatbol \u00a0tiene un impacto significativo en las funciones del cerebro, seg\u00fan concluye un estudio cient\u00edfico dirigido por la  universidad escocesa de Stirling , y publicado por la revista  EBioMedicine . <\/p>\n<p>Las capacidades de la memoria pueden verse disminuidas entre un 41 y un 67%, seg\u00fan dicho estudio, durante las 24 horas posteriores a haber jugado de cabeza. <\/p>\n<p>La investigaci\u00f3n se bas\u00f3 en una serie de 24 remates de cabeza realizados por 24 futbolistas, sobre un bal\u00f3n propulsado por una m\u00e1quina a la velocidad de un saque de esquina en un partido de f\u00fatbol. <\/p>\n<p>\u00abConstatamos despu\u00e9s de esta sesi\u00f3n de remates, una disminuci\u00f3n de las funciones cerebrales y de la capacidad de memoria de los sujetos\u00bb, coment\u00f3 el doctor Magdalena Ietswaart, especialista de neurociencia en la Universidad de Stirling, este lunes a la  BBC . <\/p>\n<p>\u00abAunque dichas afecciones son temporales, creemos que pueden afectar al cerebro a largo plazo\u00bb, agreg\u00f3. <\/p>\n<p>El pasado mes de mayo, la federaci\u00f3n inglesa de f\u00fatbol anunci\u00f3 que hab\u00eda autorizado un estudio sobre los posibles v\u00ednculos entre el juego de cabeza y las lesiones cerebrales. <\/p>\n<p>La familia de Jeff Astle, exdelantero del West Bromwich Albion, fallecido en 2002 a los 59 a\u00f1os, hab\u00eda pedido una investigaci\u00f3n que concluy\u00f3 que su muerte se debi\u00f3 a \u00abun accidente de trabajo\u00bb. <\/p>\n<p>Los balones usados en la \u00e9poca en que Astle fue profesional eran, no obstante, mucho m\u00e1s pesados que los de hoy en d\u00eda, especialmente porque acumulaban m\u00e1s agua. <\/p>\n<p>\u00a0 <\/p>\n","protected":false},"excerpt":{"rendered":"<p>Jugar de cabeza en el f\u00fatbol \u00a0tiene un impacto significativo <a href=\"https:\/\/sertv.gob.pa\/nacionalfm\/futbolistas-ven-afectada-su-memoria-tras-cabecear-un-balon\/\"> [&#8230;]<\/a><\/p>\n","protected":false},"author":1,"featured_media":16552,"comment_status":"closed","ping_status":"closed","sticky":false,"template":"","format":"standard","meta":{"footnotes":""},"categories":[5],"tags":[],"class_list":["post-16551","post","type-post","status-publish","format-standard","has-post-thumbnail","hentry","category-salud"],"_links":{"self":[{"href":"https:\/\/sertv.gob.pa\/nacionalfm\/wp-json\/wp\/v2\/posts\/16551","targetHints":{"allow":["GET"]}}],"collection":[{"href":"https:\/\/sertv.gob.pa\/nacionalfm\/wp-json\/wp\/v2\/posts"}],"about":[{"href":"https:\/\/sertv.gob.pa\/nacionalfm\/wp-json\/wp\/v2\/types\/post"}],"author":[{"embeddable":true,"href":"https:\/\/sertv.gob.pa\/nacionalfm\/wp-json\/wp\/v2\/users\/1"}],"replies":[{"embeddable":true,"href":"https:\/\/sertv.gob.pa\/nacionalfm\/wp-json\/wp\/v2\/comments?post=16551"}],"version-history":[{"count":0,"href":"https:\/\/sertv.gob.pa\/nacionalfm\/wp-json\/wp\/v2\/posts\/16551\/revisions"}],"wp:featuredmedia":[{"embeddable":true,"href":"https:\/\/sertv.gob.pa\/nacionalfm\/wp-json\/wp\/v2\/media\/16552"}],"wp:attachment":[{"href":"https:\/\/sertv.gob.pa\/nacionalfm\/wp-json\/wp\/v2\/media?parent=16551"}],"wp:term":[{"taxonomy":"category","embeddable":true,"href":"https:\/\/sertv.gob.pa\/nacionalfm\/wp-json\/wp\/v2\/categories?post=16551"},{"taxonomy":"post_tag","embeddable":true,"href":"https:\/\/sertv.gob.pa\/nacionalfm\/wp-json\/wp\/v2\/tags?post=16551"}],"curies":[{"name":"wp","href":"https:\/\/api.w.org\/{rel}","templated":true}]}}