{"id":1660,"date":"2014-09-23T05:00:00","date_gmt":"2014-09-23T05:00:00","guid":{"rendered":""},"modified":"2014-09-23T05:00:00","modified_gmt":"2014-09-23T05:00:00","slug":"una-estrago-mortal-sacude-a-colon-el-vih","status":"publish","type":"post","link":"https:\/\/sertv.gob.pa\/nacionalfm\/una-estrago-mortal-sacude-a-colon-el-vih\/","title":{"rendered":"Un estrago mortal sacude a Col\u00f3n, el VIH"},"content":{"rendered":"<p>\nNo cabe duda que, \u00a0la epidemia del virus de inmunodeficiencia humana (VIH), es un tema que preocupa a las autoridades de Salud, de all\u00ed los esfuerzos que se extienden en la provincia de Col\u00f3n con el objetivo de disminuir su impacto. <\/p>\n<p>Al presente, el promedio de 810 casos de VIH por cada 100 mil habitantes convierte a Col\u00f3n en la primera provincia del pa\u00eds en casos de este mortal flagelo, situaci\u00f3n que fue presentada ayer en el primer foro provincial que analiza la epidemia. <\/p>\n<p> Hay que hacer \u00e9nfasis, que a partir del primer caso detectado en Col\u00f3n, en 1985, a la fecha se han registrado 2 mil 46 casos, de los cuales mil 494 personas han fallecido, lo que representa un 70% de letalidad. De ellos, el 95% de los casos fue por transmisi\u00f3n sexual.  <\/p>\n<p> Al respecto, V\u00edctor Pe\u00f1afiel, director de la cl\u00ednica antirretroviral del Ministerio de Salud, en Col\u00f3n, sostiene que, pese a este panorama, los colonenses se infectan con el virus no por falta de informaci\u00f3n, sino por una actitud irresponsable ante la enfermedad.  <\/p>\n<p>No obstante a pesar de las campa\u00f1as de prevenci\u00f3n y jornadas de concienciaci\u00f3n, se estima que 100 personas se infectan cada a\u00f1o, en tanto que 3 mil circulan por las calles de Col\u00f3n sin recibir ning\u00fan tipo de tratamiento. Unos no concurren por temor, otros por desconocer que portan el virus de la enfermedad. <\/p>\n","protected":false},"excerpt":{"rendered":"<p>No cabe duda que, \u00a0la epidemia del virus de inmunodeficiencia <a href=\"https:\/\/sertv.gob.pa\/nacionalfm\/una-estrago-mortal-sacude-a-colon-el-vih\/\"> [&#8230;]<\/a><\/p>\n","protected":false},"author":1,"featured_media":1661,"comment_status":"closed","ping_status":"closed","sticky":false,"template":"","format":"standard","meta":{"footnotes":""},"categories":[5],"tags":[],"class_list":["post-1660","post","type-post","status-publish","format-standard","has-post-thumbnail","hentry","category-salud"],"_links":{"self":[{"href":"https:\/\/sertv.gob.pa\/nacionalfm\/wp-json\/wp\/v2\/posts\/1660","targetHints":{"allow":["GET"]}}],"collection":[{"href":"https:\/\/sertv.gob.pa\/nacionalfm\/wp-json\/wp\/v2\/posts"}],"about":[{"href":"https:\/\/sertv.gob.pa\/nacionalfm\/wp-json\/wp\/v2\/types\/post"}],"author":[{"embeddable":true,"href":"https:\/\/sertv.gob.pa\/nacionalfm\/wp-json\/wp\/v2\/users\/1"}],"replies":[{"embeddable":true,"href":"https:\/\/sertv.gob.pa\/nacionalfm\/wp-json\/wp\/v2\/comments?post=1660"}],"version-history":[{"count":0,"href":"https:\/\/sertv.gob.pa\/nacionalfm\/wp-json\/wp\/v2\/posts\/1660\/revisions"}],"wp:featuredmedia":[{"embeddable":true,"href":"https:\/\/sertv.gob.pa\/nacionalfm\/wp-json\/wp\/v2\/media\/1661"}],"wp:attachment":[{"href":"https:\/\/sertv.gob.pa\/nacionalfm\/wp-json\/wp\/v2\/media?parent=1660"}],"wp:term":[{"taxonomy":"category","embeddable":true,"href":"https:\/\/sertv.gob.pa\/nacionalfm\/wp-json\/wp\/v2\/categories?post=1660"},{"taxonomy":"post_tag","embeddable":true,"href":"https:\/\/sertv.gob.pa\/nacionalfm\/wp-json\/wp\/v2\/tags?post=1660"}],"curies":[{"name":"wp","href":"https:\/\/api.w.org\/{rel}","templated":true}]}}