{"id":16613,"date":"2016-10-26T21:28:42","date_gmt":"2016-10-26T21:28:42","guid":{"rendered":""},"modified":"2016-10-26T21:28:42","modified_gmt":"2016-10-26T21:28:42","slug":"tercer-lugar-en-casos-de-cancer-de-mama-lo-ocupa-herrera","status":"publish","type":"post","link":"https:\/\/sertv.gob.pa\/nacionalfm\/tercer-lugar-en-casos-de-cancer-de-mama-lo-ocupa-herrera\/","title":{"rendered":"Tercer lugar en casos de c\u00e1ncer de mama lo ocupa Herrera"},"content":{"rendered":"<p>\nLa provincia de Herrera ocupa el tercer lugar en casos de c\u00e1ncer de mama en todo el pa\u00eds, registrando en los \u00faltimos 3 a\u00f1os un total de 255 casos. <\/p>\n<p>As\u00ed lo dio a conocer Hilario Correa, director regional de Salud de Herrera, quien se\u00f1al\u00f3 que apenas un 2.5% de las personas que contrajeron el mal han fallecido. <\/p>\n<p>Correa manifest\u00f3 que la clave est\u00e1 en el diagn\u00f3stico oportuno. &ldquo;Si estas enfermedades se diagnostican a tiempo, tienen mejor pron\u00f3stico&rdquo;, sentenci\u00f3. <\/p>\n<p>Las declaraciones de Correa se dieron la ma\u00f1ana de este mi\u00e9rcoles 26 de octubre durante el desarrollo de la caminata de la cinta rosada y celeste, que busca sensibilizar a la poblaci\u00f3n sobre la importancia de hacer el examen de mamas y de pr\u00f3stata. <\/p>\n<p>Correa expres\u00f3 que en este mes de octubre se han estado realizando una serie de actividades, como charlas, entregas de panfletos, al igual que mamograf\u00edas y ex\u00e1menes de pr\u00f3stata en sangre. <\/p>\n<p>El funcionario a\u00f1adi\u00f3 que en Herrera el c\u00e1ncer g\u00e1strico y el cervical ocupan los primeros lugares en relaci\u00f3n al resto del pa\u00eds. El c\u00e1ncer cervical se concentra espec\u00edficamente en el corregimiento de Monagrillo. <\/p>\n<p>\u00a0 <\/p>\n","protected":false},"excerpt":{"rendered":"<p>La provincia de Herrera ocupa el tercer lugar en casos <a href=\"https:\/\/sertv.gob.pa\/nacionalfm\/tercer-lugar-en-casos-de-cancer-de-mama-lo-ocupa-herrera\/\"> [&#8230;]<\/a><\/p>\n","protected":false},"author":1,"featured_media":16614,"comment_status":"closed","ping_status":"closed","sticky":false,"template":"","format":"standard","meta":{"footnotes":""},"categories":[5],"tags":[],"class_list":["post-16613","post","type-post","status-publish","format-standard","has-post-thumbnail","hentry","category-salud"],"_links":{"self":[{"href":"https:\/\/sertv.gob.pa\/nacionalfm\/wp-json\/wp\/v2\/posts\/16613","targetHints":{"allow":["GET"]}}],"collection":[{"href":"https:\/\/sertv.gob.pa\/nacionalfm\/wp-json\/wp\/v2\/posts"}],"about":[{"href":"https:\/\/sertv.gob.pa\/nacionalfm\/wp-json\/wp\/v2\/types\/post"}],"author":[{"embeddable":true,"href":"https:\/\/sertv.gob.pa\/nacionalfm\/wp-json\/wp\/v2\/users\/1"}],"replies":[{"embeddable":true,"href":"https:\/\/sertv.gob.pa\/nacionalfm\/wp-json\/wp\/v2\/comments?post=16613"}],"version-history":[{"count":0,"href":"https:\/\/sertv.gob.pa\/nacionalfm\/wp-json\/wp\/v2\/posts\/16613\/revisions"}],"wp:featuredmedia":[{"embeddable":true,"href":"https:\/\/sertv.gob.pa\/nacionalfm\/wp-json\/wp\/v2\/media\/16614"}],"wp:attachment":[{"href":"https:\/\/sertv.gob.pa\/nacionalfm\/wp-json\/wp\/v2\/media?parent=16613"}],"wp:term":[{"taxonomy":"category","embeddable":true,"href":"https:\/\/sertv.gob.pa\/nacionalfm\/wp-json\/wp\/v2\/categories?post=16613"},{"taxonomy":"post_tag","embeddable":true,"href":"https:\/\/sertv.gob.pa\/nacionalfm\/wp-json\/wp\/v2\/tags?post=16613"}],"curies":[{"name":"wp","href":"https:\/\/api.w.org\/{rel}","templated":true}]}}