{"id":16625,"date":"2016-10-27T15:39:56","date_gmt":"2016-10-27T15:39:56","guid":{"rendered":""},"modified":"2016-10-27T15:39:56","modified_gmt":"2016-10-27T15:39:56","slug":"comercial-panama-y-don-bosco-en-final-de-copa-presidente","status":"publish","type":"post","link":"https:\/\/sertv.gob.pa\/nacionalfm\/comercial-panama-y-don-bosco-en-final-de-copa-presidente\/","title":{"rendered":"Comercial Panam\u00e1 y Don Bosco en final de Copa Presidente"},"content":{"rendered":"<p>\nLa final de la Liga Intercolegial Copa Presidente de la Rep\u00fablica en la categor\u00eda sub-15, se la van a disputar el Instituto Comercial Panam\u00e1 y el IPT Don Bosco, luego de haber vencido en semifinales al ICP Jos\u00e9 Mar\u00eda Barranco y al IPT de la Concepci\u00f3n respectivamente. <\/p>\n<p>En partidos semifinales jugados este mi\u00e9rcoles, el Instituto Comercial Panam\u00e1 logr\u00f3 vencer 3 goles por 0 al Colegio Jos\u00e9 Mar\u00eda Barranco con dos tantos de Alcides D\u00edaz a los 22 y 32 minutos y Daniel S\u00e1nchez a los 40 minutos de juego. <\/p>\n<p>Por su parte, el IPT Don Bosco obtuvo su pase a la final al vencer 1 gol por 0 al IPT La Concepci\u00f3n, representantes de la provincia chiricana. <\/p>\n<p>La anotaci\u00f3n se dio al minuto 49 de tiempo corrido por intermedio de Remundo Williams.\u00a0\u00a0 Tras un saque de banda, Ricardo Cornejo filtr\u00f3 un perfecto pase a Williams, quien de derecha venci\u00f3 la meta que defend\u00eda el arquero chiricano Giovani Salda\u00f1a. <\/p>\n<p>El Instituto Comercial Panam\u00e1 y el IPT Don Bosco se ver\u00e1n las caras este domingo 30 de octubre desde las 6 de la tarde en el Estadio Maracan\u00e1, escenario de la final de la Copa Presidente de la Rep\u00fablica. <\/p>\n<p>\u00a0 <\/p>\n","protected":false},"excerpt":{"rendered":"<p>La final de la Liga Intercolegial Copa Presidente de la <a href=\"https:\/\/sertv.gob.pa\/nacionalfm\/comercial-panama-y-don-bosco-en-final-de-copa-presidente\/\"> [&#8230;]<\/a><\/p>\n","protected":false},"author":1,"featured_media":16626,"comment_status":"closed","ping_status":"closed","sticky":false,"template":"","format":"standard","meta":{"footnotes":""},"categories":[4],"tags":[],"class_list":["post-16625","post","type-post","status-publish","format-standard","has-post-thumbnail","hentry","category-deportes"],"_links":{"self":[{"href":"https:\/\/sertv.gob.pa\/nacionalfm\/wp-json\/wp\/v2\/posts\/16625","targetHints":{"allow":["GET"]}}],"collection":[{"href":"https:\/\/sertv.gob.pa\/nacionalfm\/wp-json\/wp\/v2\/posts"}],"about":[{"href":"https:\/\/sertv.gob.pa\/nacionalfm\/wp-json\/wp\/v2\/types\/post"}],"author":[{"embeddable":true,"href":"https:\/\/sertv.gob.pa\/nacionalfm\/wp-json\/wp\/v2\/users\/1"}],"replies":[{"embeddable":true,"href":"https:\/\/sertv.gob.pa\/nacionalfm\/wp-json\/wp\/v2\/comments?post=16625"}],"version-history":[{"count":0,"href":"https:\/\/sertv.gob.pa\/nacionalfm\/wp-json\/wp\/v2\/posts\/16625\/revisions"}],"wp:featuredmedia":[{"embeddable":true,"href":"https:\/\/sertv.gob.pa\/nacionalfm\/wp-json\/wp\/v2\/media\/16626"}],"wp:attachment":[{"href":"https:\/\/sertv.gob.pa\/nacionalfm\/wp-json\/wp\/v2\/media?parent=16625"}],"wp:term":[{"taxonomy":"category","embeddable":true,"href":"https:\/\/sertv.gob.pa\/nacionalfm\/wp-json\/wp\/v2\/categories?post=16625"},{"taxonomy":"post_tag","embeddable":true,"href":"https:\/\/sertv.gob.pa\/nacionalfm\/wp-json\/wp\/v2\/tags?post=16625"}],"curies":[{"name":"wp","href":"https:\/\/api.w.org\/{rel}","templated":true}]}}