{"id":16631,"date":"2016-10-27T16:40:13","date_gmt":"2016-10-27T16:40:13","guid":{"rendered":""},"modified":"2016-10-27T16:40:13","modified_gmt":"2016-10-27T16:40:13","slug":"perez-y-el-agua-arias-cerca-de-peso-para-encuentro-de-manana","status":"publish","type":"post","link":"https:\/\/sertv.gob.pa\/nacionalfm\/perez-y-el-agua-arias-cerca-de-peso-para-encuentro-de-manana\/","title":{"rendered":"P\u00e9rez y \u201cEl Agua\u201d Arias  cerca de peso para encuentro de ma\u00f1ana"},"content":{"rendered":"<p>\nEl ex campe\u00f3n mundial mosca, el venezolano Jeanpiero P\u00e9rez y el dominicano Jonathan &ldquo;El Agua&rdquo; Arias cerca del peso para su encuentro de ma\u00f1ana en la cartelera denominada &ldquo;Retorno a la Gloria&rdquo;, en el gimnasio de la Junta Comunal de la 24 de diciembre, el encuentro est\u00e1 pactado a 115 libras y acusaron 117 \u00bc \u00a0y 116 \u00bc, respectivamente. <\/p>\n<p>Los boxeadores del resto de la cartilla pesaron Pascual Gonz\u00e1lez 130 libras y su rival Douly Lares 129 \u00bd, en tanto que Walter P\u00e9rez y Carlos Mosquera pesaron 146 \u00bd , cada uno, Jorge &ldquo;Lacalaca&rdquo; Andrade ajust\u00f3 en la balanza 155 \u00bd y su contendor Jefries Rosales 157 \u00bc . <\/p>\n<p>Wister Garc\u00eda pes\u00f3 122 \u00bd y su Alexander Armuelles no se present\u00f3 al examen m\u00e9dico, , Wilmer Soto 123 \u00be y su adversario Javier &ldquo;El Golden Boy Colonense&rdquo; Coronado 127 \u00be , y Mauricio Mu\u00f1oz hizo un peso de 133 \u00bd y su contendor el debutante Jos\u00e9 N\u00fa\u00f1ez 133 \u00be . <\/p>\n<p>La ceremonia del pesaje ser\u00e1 hoy a las 4:00 de la tarde en el restaurante Jade de V\u00eda Porras, San Francisco. <\/p>\n<p>\u00a0 \u00a0 \u00a0 \u00a0 \u00a0 <\/p>\n","protected":false},"excerpt":{"rendered":"<p>El ex campe\u00f3n mundial mosca, el venezolano Jeanpiero P\u00e9rez y <a href=\"https:\/\/sertv.gob.pa\/nacionalfm\/perez-y-el-agua-arias-cerca-de-peso-para-encuentro-de-manana\/\"> [&#8230;]<\/a><\/p>\n","protected":false},"author":1,"featured_media":16632,"comment_status":"closed","ping_status":"closed","sticky":false,"template":"","format":"standard","meta":{"footnotes":""},"categories":[4],"tags":[],"class_list":["post-16631","post","type-post","status-publish","format-standard","has-post-thumbnail","hentry","category-deportes"],"_links":{"self":[{"href":"https:\/\/sertv.gob.pa\/nacionalfm\/wp-json\/wp\/v2\/posts\/16631","targetHints":{"allow":["GET"]}}],"collection":[{"href":"https:\/\/sertv.gob.pa\/nacionalfm\/wp-json\/wp\/v2\/posts"}],"about":[{"href":"https:\/\/sertv.gob.pa\/nacionalfm\/wp-json\/wp\/v2\/types\/post"}],"author":[{"embeddable":true,"href":"https:\/\/sertv.gob.pa\/nacionalfm\/wp-json\/wp\/v2\/users\/1"}],"replies":[{"embeddable":true,"href":"https:\/\/sertv.gob.pa\/nacionalfm\/wp-json\/wp\/v2\/comments?post=16631"}],"version-history":[{"count":0,"href":"https:\/\/sertv.gob.pa\/nacionalfm\/wp-json\/wp\/v2\/posts\/16631\/revisions"}],"wp:featuredmedia":[{"embeddable":true,"href":"https:\/\/sertv.gob.pa\/nacionalfm\/wp-json\/wp\/v2\/media\/16632"}],"wp:attachment":[{"href":"https:\/\/sertv.gob.pa\/nacionalfm\/wp-json\/wp\/v2\/media?parent=16631"}],"wp:term":[{"taxonomy":"category","embeddable":true,"href":"https:\/\/sertv.gob.pa\/nacionalfm\/wp-json\/wp\/v2\/categories?post=16631"},{"taxonomy":"post_tag","embeddable":true,"href":"https:\/\/sertv.gob.pa\/nacionalfm\/wp-json\/wp\/v2\/tags?post=16631"}],"curies":[{"name":"wp","href":"https:\/\/api.w.org\/{rel}","templated":true}]}}