{"id":16637,"date":"2016-10-27T17:28:28","date_gmt":"2016-10-27T17:28:28","guid":{"rendered":""},"modified":"2016-10-27T17:28:28","modified_gmt":"2016-10-27T17:28:28","slug":"fallece-el-periodista-deportivo-victor-raul-vasquez","status":"publish","type":"post","link":"https:\/\/sertv.gob.pa\/nacionalfm\/fallece-el-periodista-deportivo-victor-raul-vasquez\/","title":{"rendered":"Fallece el periodista deportivo V\u00edctor Ra\u00fal V\u00e1squez"},"content":{"rendered":"<p>\nEl \u00edcono del periodismo paname\u00f1o, en especial el periodismo deportivo V\u00edctor Ra\u00fal V\u00e1squez falleci\u00f3 hace unas horas en el Hospital San Juan Bautista de la ciudad de Chitr\u00e9, provincia de Herrera. <\/p>\n<p>V\u00edctor Ra\u00fal V\u00e1squez muere a la edad de 82 a\u00f1os, a Don V\u00edctor se le conoci\u00f3 m\u00e1s que nada en el programa &ldquo;S\u00edntesis Deportiva&rdquo; que se transmit\u00eda de lunes a s\u00e1bado de 12: 30 medio d\u00eda a 2:00 de la tarde, un programa que se caracteriz\u00f3 por duras cr\u00edticas y denuncias en cuanto a la dirigencia deportiva. <\/p>\n<p>Fue maestro de grandes periodistas deportivos con \u00e9l estuvieron por muchos a\u00f1os su primo Carlos V\u00e1squez, (qepd), padre del ex dos veces campe\u00f3n mundial Roberto &ldquo;La Ara\u00f1a&rdquo; V\u00e1squez, Rafael &ldquo;Ch\u00e9quele&rdquo; Samudio y Enrique Clark quien muchos lo consideran como un hijo &ldquo;Del Maestro&rdquo; V\u00edctor Ra\u00fal. <\/p>\n<p>Extensa la lista de reporteros que se destacaron con \u00e9l como Manuel Espa\u00f1a, Felicio Sol\u00eds, Manuel Escudero, Reynaldo Weeks, \u00a0etc. <\/p>\n<p>Las disciplinas deportivas que m\u00e1s manej\u00f3 fueron el boxeo y siempre apasionado por el b\u00e9isbol. <\/p>\n<p>Lo despedimos con su Slogan &ldquo;Esto si es Deporte&rdquo;&hellip;&hellip;&hellip;&hellip;&hellip;&hellip;. <\/p>\n<p>Descanse en Paz, Don V\u00edctor Ra\u00fal V\u00e1squez\u00a0 \u00a0 \u00a0 \u00a0 \u00a0 \u00a0 \u00a0 \u00a0 \u00a0 \u00a0 \u00a0 \u00a0 \u00a0 \u00a0 \u00a0 \u00a0 \u00a0 \u00a0 \u00a0 \u00a0 \u00a0\u00a0 <\/p>\n","protected":false},"excerpt":{"rendered":"<p>El \u00edcono del periodismo paname\u00f1o, en especial el periodismo deportivo <a href=\"https:\/\/sertv.gob.pa\/nacionalfm\/fallece-el-periodista-deportivo-victor-raul-vasquez\/\"> [&#8230;]<\/a><\/p>\n","protected":false},"author":1,"featured_media":16638,"comment_status":"closed","ping_status":"closed","sticky":false,"template":"","format":"standard","meta":{"footnotes":""},"categories":[4],"tags":[],"class_list":["post-16637","post","type-post","status-publish","format-standard","has-post-thumbnail","hentry","category-deportes"],"_links":{"self":[{"href":"https:\/\/sertv.gob.pa\/nacionalfm\/wp-json\/wp\/v2\/posts\/16637","targetHints":{"allow":["GET"]}}],"collection":[{"href":"https:\/\/sertv.gob.pa\/nacionalfm\/wp-json\/wp\/v2\/posts"}],"about":[{"href":"https:\/\/sertv.gob.pa\/nacionalfm\/wp-json\/wp\/v2\/types\/post"}],"author":[{"embeddable":true,"href":"https:\/\/sertv.gob.pa\/nacionalfm\/wp-json\/wp\/v2\/users\/1"}],"replies":[{"embeddable":true,"href":"https:\/\/sertv.gob.pa\/nacionalfm\/wp-json\/wp\/v2\/comments?post=16637"}],"version-history":[{"count":0,"href":"https:\/\/sertv.gob.pa\/nacionalfm\/wp-json\/wp\/v2\/posts\/16637\/revisions"}],"wp:featuredmedia":[{"embeddable":true,"href":"https:\/\/sertv.gob.pa\/nacionalfm\/wp-json\/wp\/v2\/media\/16638"}],"wp:attachment":[{"href":"https:\/\/sertv.gob.pa\/nacionalfm\/wp-json\/wp\/v2\/media?parent=16637"}],"wp:term":[{"taxonomy":"category","embeddable":true,"href":"https:\/\/sertv.gob.pa\/nacionalfm\/wp-json\/wp\/v2\/categories?post=16637"},{"taxonomy":"post_tag","embeddable":true,"href":"https:\/\/sertv.gob.pa\/nacionalfm\/wp-json\/wp\/v2\/tags?post=16637"}],"curies":[{"name":"wp","href":"https:\/\/api.w.org\/{rel}","templated":true}]}}