{"id":16661,"date":"2016-10-28T15:50:12","date_gmt":"2016-10-28T15:50:12","guid":{"rendered":""},"modified":"2016-10-28T15:50:12","modified_gmt":"2016-10-28T15:50:12","slug":"agua-arias-y-jianpiero-perez-en-peso-para-su-encuentro-de-hoy","status":"publish","type":"post","link":"https:\/\/sertv.gob.pa\/nacionalfm\/agua-arias-y-jianpiero-perez-en-peso-para-su-encuentro-de-hoy\/","title":{"rendered":"\u201cAgua\u201d Arias y Jianpiero P\u00e9rez en peso para su encuentro de hoy"},"content":{"rendered":"<p>\nEsta noche en pelea estelar en el gimnasio de la Junta Comunal de la 24 de diciembre se miden en combate estelar el dominicano radicado en Panam\u00e1 Jonathan &ldquo;El Agua&rdquo; Arias y el venezolano tambi\u00e9n radicado en nuestro pa\u00eds, ex campe\u00f3n interino mosca de la Asociaci\u00f3n Mundial de Boxeo, Jianpiero P\u00e9rez. <\/p>\n<p>Arias y P\u00e9rez firmaron en un l\u00edmite de 115 libras exactas y Arias par\u00f3 la balanza electr\u00f3nica en 114 libras exactas y P\u00e9rez hizo un peso de 114 \u00be. <\/p>\n<p>La coestelar estar\u00e1 a cargo del &ldquo;Golden Boy Colonense&rdquo; Javier Coronado y el colombiano Wilner Soto.\u00a0 Cuatro combates m\u00e1s adornan la cartilla. <\/p>\n","protected":false},"excerpt":{"rendered":"<p>Esta noche en pelea estelar en el gimnasio de la <a href=\"https:\/\/sertv.gob.pa\/nacionalfm\/agua-arias-y-jianpiero-perez-en-peso-para-su-encuentro-de-hoy\/\"> [&#8230;]<\/a><\/p>\n","protected":false},"author":1,"featured_media":16662,"comment_status":"closed","ping_status":"closed","sticky":false,"template":"","format":"standard","meta":{"footnotes":""},"categories":[4],"tags":[],"class_list":["post-16661","post","type-post","status-publish","format-standard","has-post-thumbnail","hentry","category-deportes"],"_links":{"self":[{"href":"https:\/\/sertv.gob.pa\/nacionalfm\/wp-json\/wp\/v2\/posts\/16661","targetHints":{"allow":["GET"]}}],"collection":[{"href":"https:\/\/sertv.gob.pa\/nacionalfm\/wp-json\/wp\/v2\/posts"}],"about":[{"href":"https:\/\/sertv.gob.pa\/nacionalfm\/wp-json\/wp\/v2\/types\/post"}],"author":[{"embeddable":true,"href":"https:\/\/sertv.gob.pa\/nacionalfm\/wp-json\/wp\/v2\/users\/1"}],"replies":[{"embeddable":true,"href":"https:\/\/sertv.gob.pa\/nacionalfm\/wp-json\/wp\/v2\/comments?post=16661"}],"version-history":[{"count":0,"href":"https:\/\/sertv.gob.pa\/nacionalfm\/wp-json\/wp\/v2\/posts\/16661\/revisions"}],"wp:featuredmedia":[{"embeddable":true,"href":"https:\/\/sertv.gob.pa\/nacionalfm\/wp-json\/wp\/v2\/media\/16662"}],"wp:attachment":[{"href":"https:\/\/sertv.gob.pa\/nacionalfm\/wp-json\/wp\/v2\/media?parent=16661"}],"wp:term":[{"taxonomy":"category","embeddable":true,"href":"https:\/\/sertv.gob.pa\/nacionalfm\/wp-json\/wp\/v2\/categories?post=16661"},{"taxonomy":"post_tag","embeddable":true,"href":"https:\/\/sertv.gob.pa\/nacionalfm\/wp-json\/wp\/v2\/tags?post=16661"}],"curies":[{"name":"wp","href":"https:\/\/api.w.org\/{rel}","templated":true}]}}