{"id":16663,"date":"2016-10-28T16:11:42","date_gmt":"2016-10-28T16:11:42","guid":{"rendered":""},"modified":"2016-10-28T16:11:42","modified_gmt":"2016-10-28T16:11:42","slug":"hoy-mexico-y-panama-en-partido-inaugural-de-mundial-de-beisbol","status":"publish","type":"post","link":"https:\/\/sertv.gob.pa\/nacionalfm\/hoy-mexico-y-panama-en-partido-inaugural-de-mundial-de-beisbol\/","title":{"rendered":"Hoy M\u00e9xico y Panam\u00e1 en partido inaugural de Mundial de B\u00e9isbol"},"content":{"rendered":"<p>\nLa Selecci\u00f3n\u00a0 Sub-23 de Panam\u00e1 se declara lista para debut esta noche ante el anfitri\u00f3n de M\u00e9xico en el partido inaugural de la Copa del Mundo de B\u00e9isbol Sub-23, que se disputar\u00e1 en la ciudad azteca de Monterrey. <\/p>\n<p>Los paname\u00f1os desafiar\u00e1n a los mexicanos en el  estadio  de los Sultanes de Monterrey, donde ayer realizaron una pr\u00e1ctica completa, en la que todos los jugadores batearon, los de cuadro interior tomaron roletazos, los jardineros capturaron elevados y los lanzadores soltaron sus brazos. <\/p>\n<p>Este partido ser\u00e1 transmitido por Nacional FM y Sertv, con las voces de Jos\u00e9 Lemo Jim\u00e9nez en la narraci\u00f3n y los comentarios de Elpidio Pinto. <\/p>\n<p>\u00a0 <\/p>\n","protected":false},"excerpt":{"rendered":"<p>La Selecci\u00f3n\u00a0 Sub-23 de Panam\u00e1 se declara lista para debut <a href=\"https:\/\/sertv.gob.pa\/nacionalfm\/hoy-mexico-y-panama-en-partido-inaugural-de-mundial-de-beisbol\/\"> [&#8230;]<\/a><\/p>\n","protected":false},"author":1,"featured_media":16664,"comment_status":"closed","ping_status":"closed","sticky":false,"template":"","format":"standard","meta":{"footnotes":""},"categories":[4],"tags":[],"class_list":["post-16663","post","type-post","status-publish","format-standard","has-post-thumbnail","hentry","category-deportes"],"_links":{"self":[{"href":"https:\/\/sertv.gob.pa\/nacionalfm\/wp-json\/wp\/v2\/posts\/16663","targetHints":{"allow":["GET"]}}],"collection":[{"href":"https:\/\/sertv.gob.pa\/nacionalfm\/wp-json\/wp\/v2\/posts"}],"about":[{"href":"https:\/\/sertv.gob.pa\/nacionalfm\/wp-json\/wp\/v2\/types\/post"}],"author":[{"embeddable":true,"href":"https:\/\/sertv.gob.pa\/nacionalfm\/wp-json\/wp\/v2\/users\/1"}],"replies":[{"embeddable":true,"href":"https:\/\/sertv.gob.pa\/nacionalfm\/wp-json\/wp\/v2\/comments?post=16663"}],"version-history":[{"count":0,"href":"https:\/\/sertv.gob.pa\/nacionalfm\/wp-json\/wp\/v2\/posts\/16663\/revisions"}],"wp:featuredmedia":[{"embeddable":true,"href":"https:\/\/sertv.gob.pa\/nacionalfm\/wp-json\/wp\/v2\/media\/16664"}],"wp:attachment":[{"href":"https:\/\/sertv.gob.pa\/nacionalfm\/wp-json\/wp\/v2\/media?parent=16663"}],"wp:term":[{"taxonomy":"category","embeddable":true,"href":"https:\/\/sertv.gob.pa\/nacionalfm\/wp-json\/wp\/v2\/categories?post=16663"},{"taxonomy":"post_tag","embeddable":true,"href":"https:\/\/sertv.gob.pa\/nacionalfm\/wp-json\/wp\/v2\/tags?post=16663"}],"curies":[{"name":"wp","href":"https:\/\/api.w.org\/{rel}","templated":true}]}}