{"id":16681,"date":"2016-10-28T21:47:39","date_gmt":"2016-10-28T21:47:39","guid":{"rendered":""},"modified":"2016-10-28T21:47:39","modified_gmt":"2016-10-28T21:47:39","slug":"convivencia-para-procesar-un-duelo-sano","status":"publish","type":"post","link":"https:\/\/sertv.gob.pa\/nacionalfm\/convivencia-para-procesar-un-duelo-sano\/","title":{"rendered":"Convivencia para procesar un duelo sano"},"content":{"rendered":"<p>\nToda persona, en alg\u00fan momento de su vida, experimenta la p\u00e9rdida f\u00edsica de un ser querido. Ese  duelo  debe ser &ldquo; sentido &rdquo; y  vivido de forma sana . <\/p>\n<p>Sin embargo, algunos optan por aplazar ese proceso, lo que hace que se complique, afirma la psic\u00f3loga Rita Barrera de Segura, directora ejecutiva encargada de la  Fundaci\u00f3n Piero Rafael Mart\u00ednez de la Hoz . <\/p>\n<p>Se aproxima la conmemoraci\u00f3n del 2 de noviembre,  D\u00eda de los Difuntos , as\u00ed como se avecinan  Navidad y A\u00f1o Nuevo , fechas que pueden ser dif\u00edciles de enfrentar para los dolientes, comenta. <\/p>\n<p>Por ello, para sobrellevar el duelo, la fundaci\u00f3n organizar\u00e1 el s\u00e1bado 19 de noviembre la  convivencia &ldquo;Adviento con esperanza&rdquo; , dirigida a personas que han experimentado el  fallecimiento de una persona amada . <\/p>\n<p>&ldquo;Pueden participar, por ejemplo, padres que han perdido hijos, sin importar la edad del hijo, incluso si se trata de una p\u00e9rdida ocurrida en el vientre de la madre; hijos que han perdido padres; as\u00ed como p\u00e9rdida de la pareja, de un hermano, etc. En fin, todo aquel que haya perdido a un ser querido&rdquo;, enumera Barrera de Segura. <\/p>\n<p>Se realizar\u00e1 de 8:30 a.m. a 4:00 p.m. en las instalaciones de la Empresa Farall\u00f3n Aquaculture (entrando por Playa Blanca).\u00a0 <\/p>\n<p>El costo de la donaci\u00f3n por participante es de $10, y se contar\u00e1 con transporte en caso de ser necesario. Para inscripciones, llamar al 227-7498 o 227-0718 o escribir a  administracion@duelo.org.  <\/p>\n<p>La convivencia ser\u00e1 realizada por profesionales de la  Fundaci\u00f3n Piero Rafael Mart\u00ednez , y las din\u00e1micas estar\u00e1n orientadas a proporcionar a los dolientes &ldquo;recursos emocionales que les permitir\u00e1n afrontar las fiestas de fin de a\u00f1o&rdquo;, explica la psic\u00f3loga. <\/p>\n<p>Aunque asimilar y aceptar el deceso de alguien amado puede ser un proceso dif\u00edcil, la terapeuta aconseja en este caso que se intente &ldquo; vivir un solo d\u00eda a la vez &rdquo;, as\u00ed como &ldquo;permitirse sentir&rdquo;, porque &ldquo;  las heridas que nos hacen sufrir no est\u00e1n destinadas necesariamente a destruirnos &rdquo;, sino que con estas experiencias se debe &ldquo;crear un nuevo dise\u00f1o de nosotros mismos&rdquo;. <\/p>\n<p>\u00a0 <\/p>\n","protected":false},"excerpt":{"rendered":"<p>Toda persona, en alg\u00fan momento de su vida, experimenta la <a href=\"https:\/\/sertv.gob.pa\/nacionalfm\/convivencia-para-procesar-un-duelo-sano\/\"> [&#8230;]<\/a><\/p>\n","protected":false},"author":1,"featured_media":16682,"comment_status":"closed","ping_status":"closed","sticky":false,"template":"","format":"standard","meta":{"footnotes":""},"categories":[5],"tags":[],"class_list":["post-16681","post","type-post","status-publish","format-standard","has-post-thumbnail","hentry","category-salud"],"_links":{"self":[{"href":"https:\/\/sertv.gob.pa\/nacionalfm\/wp-json\/wp\/v2\/posts\/16681","targetHints":{"allow":["GET"]}}],"collection":[{"href":"https:\/\/sertv.gob.pa\/nacionalfm\/wp-json\/wp\/v2\/posts"}],"about":[{"href":"https:\/\/sertv.gob.pa\/nacionalfm\/wp-json\/wp\/v2\/types\/post"}],"author":[{"embeddable":true,"href":"https:\/\/sertv.gob.pa\/nacionalfm\/wp-json\/wp\/v2\/users\/1"}],"replies":[{"embeddable":true,"href":"https:\/\/sertv.gob.pa\/nacionalfm\/wp-json\/wp\/v2\/comments?post=16681"}],"version-history":[{"count":0,"href":"https:\/\/sertv.gob.pa\/nacionalfm\/wp-json\/wp\/v2\/posts\/16681\/revisions"}],"wp:featuredmedia":[{"embeddable":true,"href":"https:\/\/sertv.gob.pa\/nacionalfm\/wp-json\/wp\/v2\/media\/16682"}],"wp:attachment":[{"href":"https:\/\/sertv.gob.pa\/nacionalfm\/wp-json\/wp\/v2\/media?parent=16681"}],"wp:term":[{"taxonomy":"category","embeddable":true,"href":"https:\/\/sertv.gob.pa\/nacionalfm\/wp-json\/wp\/v2\/categories?post=16681"},{"taxonomy":"post_tag","embeddable":true,"href":"https:\/\/sertv.gob.pa\/nacionalfm\/wp-json\/wp\/v2\/tags?post=16681"}],"curies":[{"name":"wp","href":"https:\/\/api.w.org\/{rel}","templated":true}]}}