{"id":16683,"date":"2016-10-28T21:52:10","date_gmt":"2016-10-28T21:52:10","guid":{"rendered":""},"modified":"2016-10-28T21:52:10","modified_gmt":"2016-10-28T21:52:10","slug":"miles-de-personas-con-psoriasis-siguen-sufriendo-en-silencio","status":"publish","type":"post","link":"https:\/\/sertv.gob.pa\/nacionalfm\/miles-de-personas-con-psoriasis-siguen-sufriendo-en-silencio\/","title":{"rendered":"Miles de personas con psoriasis siguen sufriendo en silencio"},"content":{"rendered":"<p>\n Hay todo un arsenal de tratamientos a disposici\u00f3n de los m\u00e9dicos, pero cientos de miles de personas afectadas por esta enfermedad siguen padeciendo aisladas.  <\/p>\n<p>La psoriasis afecta alrededor de  100 millones de personas en todo el mundo , seg\u00fan el informe global sobre la enfermedad publicado este a\u00f1o por la Organizaci\u00f3n Mundial de la Salud. <\/p>\n<p> En Espa\u00f1a hay casi un mill\u00f3n de afectados . Pero m\u00e1s del 14%, es decir, m\u00e1s de 140.000 personas,  no reciben tratamiento , seg\u00fan una encuesta divulgada esta semana en ese pa\u00eds con motivo del  D\u00eda Mundial de esta patolog\u00eda el 29 de octubre . <\/p>\n<p>\u00abCreo que es absolutamente sorprendente\u00bb, manifest\u00f3 a BBC Mundo el doctor  Pedro Herranz, jefe de Servicio de Dermatolog\u00eda del Hospital La Paz de Madrid . <\/p>\n<p>\u00abPacientes con nivel educativo alto, personas formadas, con carreras universitarias,  est\u00e1n sufriendo en silencio la psoriasis \u00ab. <\/p>\n<p>Para el Dr. Herranz, es hora de desterrar mitos sobre la psoriasis que afectan negativamente la calidad de vida de personas en todo el mundo. <\/p>\n<p>Se caracteriza por la \u00abaparici\u00f3n de unas  lesiones con descamaci\u00f3n y con eritema  por toda la superficie corporal que son las que condicionan la vida de los pacientes\u00bb, explic\u00f3 Herranz. <\/p>\n<p>Eritema es el t\u00e9rmino m\u00e9dico que describe un enrojecimiento ocasionado por inflamaci\u00f3n debido a una dilataci\u00f3n de los vasos sangu\u00edneos. <\/p>\n<p>\u00abEsta enfermedad tiene  much\u00edsimos tratamientos . Es una enfermedad muy cl\u00e1sica en dermatolog\u00eda que nosotros dividimos seg\u00fan la gravedad en diferentes escalones\u00bb. <\/p>\n<p>Todos los pacientes tienen que pasar por un  tratamiento t\u00f3pico, con cremas , y a partir de ah\u00ed los que no responden o tienen una respuesta insuficiente se tratan en escalones superiores que son  tratamientos por v\u00eda general . <\/p>\n<p>\u00abYa en el \u00faltimo escal\u00f3n en los \u00faltimos a\u00f1os tenemos las llamadas  terapias biol\u00f3gicas  que son sustancias capaces de inducir respuestas en el sistema inmunol\u00f3gico de los pacientes para reducir la afectaci\u00f3n cut\u00e1nea de las lesiones. <\/p>\n<p>\u00a0 <\/p>\n","protected":false},"excerpt":{"rendered":"<p>Hay todo un arsenal de tratamientos a disposici\u00f3n de los <a href=\"https:\/\/sertv.gob.pa\/nacionalfm\/miles-de-personas-con-psoriasis-siguen-sufriendo-en-silencio\/\"> [&#8230;]<\/a><\/p>\n","protected":false},"author":1,"featured_media":16684,"comment_status":"closed","ping_status":"closed","sticky":false,"template":"","format":"standard","meta":{"footnotes":""},"categories":[5],"tags":[],"class_list":["post-16683","post","type-post","status-publish","format-standard","has-post-thumbnail","hentry","category-salud"],"_links":{"self":[{"href":"https:\/\/sertv.gob.pa\/nacionalfm\/wp-json\/wp\/v2\/posts\/16683","targetHints":{"allow":["GET"]}}],"collection":[{"href":"https:\/\/sertv.gob.pa\/nacionalfm\/wp-json\/wp\/v2\/posts"}],"about":[{"href":"https:\/\/sertv.gob.pa\/nacionalfm\/wp-json\/wp\/v2\/types\/post"}],"author":[{"embeddable":true,"href":"https:\/\/sertv.gob.pa\/nacionalfm\/wp-json\/wp\/v2\/users\/1"}],"replies":[{"embeddable":true,"href":"https:\/\/sertv.gob.pa\/nacionalfm\/wp-json\/wp\/v2\/comments?post=16683"}],"version-history":[{"count":0,"href":"https:\/\/sertv.gob.pa\/nacionalfm\/wp-json\/wp\/v2\/posts\/16683\/revisions"}],"wp:featuredmedia":[{"embeddable":true,"href":"https:\/\/sertv.gob.pa\/nacionalfm\/wp-json\/wp\/v2\/media\/16684"}],"wp:attachment":[{"href":"https:\/\/sertv.gob.pa\/nacionalfm\/wp-json\/wp\/v2\/media?parent=16683"}],"wp:term":[{"taxonomy":"category","embeddable":true,"href":"https:\/\/sertv.gob.pa\/nacionalfm\/wp-json\/wp\/v2\/categories?post=16683"},{"taxonomy":"post_tag","embeddable":true,"href":"https:\/\/sertv.gob.pa\/nacionalfm\/wp-json\/wp\/v2\/tags?post=16683"}],"curies":[{"name":"wp","href":"https:\/\/api.w.org\/{rel}","templated":true}]}}