{"id":16724,"date":"2016-10-31T21:42:45","date_gmt":"2016-10-31T21:42:45","guid":{"rendered":""},"modified":"2016-10-31T21:42:45","modified_gmt":"2016-10-31T21:42:45","slug":"bloqueador-solar-no-es-solo-para-usar-en-verano","status":"publish","type":"post","link":"https:\/\/sertv.gob.pa\/nacionalfm\/bloqueador-solar-no-es-solo-para-usar-en-verano\/","title":{"rendered":"Bloqueador solar no es solo para usar en verano"},"content":{"rendered":"<p>\nEl bloqueador solar no es un producto de temporada. Es importante que lo tengan a mano y lo apliquen todo el a\u00f1o, porque los rayos del sol afectan aun cuando los d\u00edas est\u00e1n nublados. <\/p>\n<p>As\u00ed lo reiter\u00f3 la experta en cuidados de la piel Jacquie Carter, quien convers\u00f3 sobre algunos errores a la hora de utilizar el bloqueador solar. <\/p>\n<p>Aplicar bloqueador es un h\u00e1bito que se ha logrado establecer como una pr\u00e1ctica diaria en un amplio sector de la poblaci\u00f3n. Sin embargo, algunos errores impiden que este producto proteja adecuadamente la piel de los efectos da\u00f1inos del sol. <\/p>\n<p>Tener un tono de piel oscuro o utilizar maquillaje no nos exime de tener que usarlo. <\/p>\n<p>Sin importar la tonalidad, la piel tiene el potencial de quemarse, envejecer y en el peor de los casos, desarrollar c\u00e1ncer; por tanto necesita el bloqueador. <\/p>\n<p>La regla es que al aplic\u00e1rselo no solo debe incluir el rostro o brazos, igualmente debe hacerlo en los pies, orejas, las piernas, las manos y el cuello. <\/p>\n<p>Adem\u00e1s, si va de paseo al centro comercial o al supermercado y suda, se debe reaplicar el producto para asegurar una buena protecci\u00f3n. <\/p>\n<p>Nada dura para siempre y el protector solar pierde su eficacia con el tiempo, por tanto usar las sobras de un protector del a\u00f1o pasado puede ser una mala idea, especialmente si no se verifica la fecha de caducidad. <\/p>\n<p>Carter tambi\u00e9n recomienda que para ayudar a maximizar la eficiencia del bloqueador se puede utilizar un humectante diario con FPS 30 (indicador del tiempo en que puede estar una persona expuesta al sol sin quemarse), de modo que se pueda humectar y proteger la piel. <\/p>\n<p>\u00a0 <\/p>\n","protected":false},"excerpt":{"rendered":"<p>El bloqueador solar no es un producto de temporada. Es <a href=\"https:\/\/sertv.gob.pa\/nacionalfm\/bloqueador-solar-no-es-solo-para-usar-en-verano\/\"> [&#8230;]<\/a><\/p>\n","protected":false},"author":1,"featured_media":16725,"comment_status":"closed","ping_status":"closed","sticky":false,"template":"","format":"standard","meta":{"footnotes":""},"categories":[5],"tags":[],"class_list":["post-16724","post","type-post","status-publish","format-standard","has-post-thumbnail","hentry","category-salud"],"_links":{"self":[{"href":"https:\/\/sertv.gob.pa\/nacionalfm\/wp-json\/wp\/v2\/posts\/16724","targetHints":{"allow":["GET"]}}],"collection":[{"href":"https:\/\/sertv.gob.pa\/nacionalfm\/wp-json\/wp\/v2\/posts"}],"about":[{"href":"https:\/\/sertv.gob.pa\/nacionalfm\/wp-json\/wp\/v2\/types\/post"}],"author":[{"embeddable":true,"href":"https:\/\/sertv.gob.pa\/nacionalfm\/wp-json\/wp\/v2\/users\/1"}],"replies":[{"embeddable":true,"href":"https:\/\/sertv.gob.pa\/nacionalfm\/wp-json\/wp\/v2\/comments?post=16724"}],"version-history":[{"count":0,"href":"https:\/\/sertv.gob.pa\/nacionalfm\/wp-json\/wp\/v2\/posts\/16724\/revisions"}],"wp:featuredmedia":[{"embeddable":true,"href":"https:\/\/sertv.gob.pa\/nacionalfm\/wp-json\/wp\/v2\/media\/16725"}],"wp:attachment":[{"href":"https:\/\/sertv.gob.pa\/nacionalfm\/wp-json\/wp\/v2\/media?parent=16724"}],"wp:term":[{"taxonomy":"category","embeddable":true,"href":"https:\/\/sertv.gob.pa\/nacionalfm\/wp-json\/wp\/v2\/categories?post=16724"},{"taxonomy":"post_tag","embeddable":true,"href":"https:\/\/sertv.gob.pa\/nacionalfm\/wp-json\/wp\/v2\/tags?post=16724"}],"curies":[{"name":"wp","href":"https:\/\/api.w.org\/{rel}","templated":true}]}}