{"id":16726,"date":"2016-10-31T21:55:26","date_gmt":"2016-10-31T21:55:26","guid":{"rendered":""},"modified":"2016-10-31T21:55:26","modified_gmt":"2016-10-31T21:55:26","slug":"microbios-se-hacen-mas-resistentes-a-los-farmacos","status":"publish","type":"post","link":"https:\/\/sertv.gob.pa\/nacionalfm\/microbios-se-hacen-mas-resistentes-a-los-farmacos\/","title":{"rendered":"Microbios se hacen m\u00e1s resistentes a los f\u00e1rmacos"},"content":{"rendered":"<p>\nLo que no mata a los microbios los fortalece. Un grupo de microbianos que ocasionan enfermedades infecciosas est\u00e1 siendo cada vez m\u00e1s resistente a medicamentos que hace unos 70 a\u00f1os atr\u00e1s lograban combatir su efecto nocivo para la salud. <\/p>\n<p>Ciertas bacterias han descubierto la manera en que act\u00faan determinados antibi\u00f3ticos en su intento por curar el da\u00f1o. Lo mismo han hecho espec\u00edficos virus con antivirales, hongos con antif\u00fangicos y par\u00e1sitos con antiparasitarios. <\/p>\n<p> Las infecciones resistentes a los medicamentos antimicrobianos  constituyen la segunda causa de decesos en el mundo. <\/p>\n<p>En 2004 ocasionaron la muerte de 14.9 millones de personas en el planeta, lo que represent\u00f3 el 29% de todos los fallecimientos ocurridos ese a\u00f1o, expuso el m\u00e9dico norteamericano Barry Eisenstein, especialista en enfermedades infecciosas, en el  XIV Seminario Latinoamericano de Periodismo en Ciencia y Salud , celebrado en Boston, Estados Unidos (EU). <\/p>\n<p>Todo apunta a que si no se logra frenar este problema de salud p\u00fablica,  en 2050 la resistencia microbiana se convertir\u00e1 en la primera causa de muerte en el mundo , remarc\u00f3 el especialista en su intervenci\u00f3n. <\/p>\n<p>De todos estos microbianos, las bacterias son las que representan el principal problema de salud p\u00fablica en el \u00e1mbito de infecciones resistentes. El 70% de las  infecciones nosocomiales  (adquiridas en hospitales) son causadas por bacterias que son resistentes a un antibi\u00f3tico al menos, expres\u00f3 Eisenstein. <\/p>\n<p>De acuerdo a un reporte de los Centros para el Control y la Prevenci\u00f3n de Enfermedades de EU, cada una de estas &ldquo;superbacterias&rdquo; infectan a m\u00e1s de 2 millones de personas y causan la muerte de por lo menos 23 mil pacientes anualmente en EU. <\/p>\n<p>\u00a0 <\/p>\n<p>\u00a0 <\/p>\n","protected":false},"excerpt":{"rendered":"<p>Lo que no mata a los microbios los fortalece. Un <a href=\"https:\/\/sertv.gob.pa\/nacionalfm\/microbios-se-hacen-mas-resistentes-a-los-farmacos\/\"> [&#8230;]<\/a><\/p>\n","protected":false},"author":1,"featured_media":16727,"comment_status":"closed","ping_status":"closed","sticky":false,"template":"","format":"standard","meta":{"footnotes":""},"categories":[5],"tags":[],"class_list":["post-16726","post","type-post","status-publish","format-standard","has-post-thumbnail","hentry","category-salud"],"_links":{"self":[{"href":"https:\/\/sertv.gob.pa\/nacionalfm\/wp-json\/wp\/v2\/posts\/16726","targetHints":{"allow":["GET"]}}],"collection":[{"href":"https:\/\/sertv.gob.pa\/nacionalfm\/wp-json\/wp\/v2\/posts"}],"about":[{"href":"https:\/\/sertv.gob.pa\/nacionalfm\/wp-json\/wp\/v2\/types\/post"}],"author":[{"embeddable":true,"href":"https:\/\/sertv.gob.pa\/nacionalfm\/wp-json\/wp\/v2\/users\/1"}],"replies":[{"embeddable":true,"href":"https:\/\/sertv.gob.pa\/nacionalfm\/wp-json\/wp\/v2\/comments?post=16726"}],"version-history":[{"count":0,"href":"https:\/\/sertv.gob.pa\/nacionalfm\/wp-json\/wp\/v2\/posts\/16726\/revisions"}],"wp:featuredmedia":[{"embeddable":true,"href":"https:\/\/sertv.gob.pa\/nacionalfm\/wp-json\/wp\/v2\/media\/16727"}],"wp:attachment":[{"href":"https:\/\/sertv.gob.pa\/nacionalfm\/wp-json\/wp\/v2\/media?parent=16726"}],"wp:term":[{"taxonomy":"category","embeddable":true,"href":"https:\/\/sertv.gob.pa\/nacionalfm\/wp-json\/wp\/v2\/categories?post=16726"},{"taxonomy":"post_tag","embeddable":true,"href":"https:\/\/sertv.gob.pa\/nacionalfm\/wp-json\/wp\/v2\/tags?post=16726"}],"curies":[{"name":"wp","href":"https:\/\/api.w.org\/{rel}","templated":true}]}}