{"id":16728,"date":"2016-10-31T22:20:49","date_gmt":"2016-10-31T22:20:49","guid":{"rendered":""},"modified":"2016-10-31T22:20:49","modified_gmt":"2016-10-31T22:20:49","slug":"amb-entrega-faja-de-campeon-a-antonio-cervantes-kid-pambele","status":"publish","type":"post","link":"https:\/\/sertv.gob.pa\/nacionalfm\/amb-entrega-faja-de-campeon-a-antonio-cervantes-kid-pambele\/","title":{"rendered":"AMB entrega faja de campe\u00f3n a Antonio Cervantes \u201cKid Pambel\u00e9\u201d"},"content":{"rendered":"<p>\nEl ex campe\u00f3n Jr.welter de la Asociaci\u00f3n Mundial de Boxeo Antonio Cervantes &ldquo;Kid Pambel\u00e9&rdquo; recibi\u00f3 una faja de campe\u00f3n mundial en homenaje ofrecido en Cartagena, Colmbia, por el organismo. <\/p>\n<p>La entrega del cintur\u00f3n negro y oro la realiz\u00f3 el Director AMB, Francisco Pi\u00f1a, durante la ceremonia realizada en la Universidad de Cartagena, para honrar la historia que escribi\u00f3 hace 44 a\u00f1os, cuando el entonces p\u00fagil colombiano gan\u00f3 la corona del peso superligero de la AMB. Pambel\u00e9 consigui\u00f3 su haza\u00f1a al noquear al paname\u00f1o Alfonso &ldquo;Pepermint&rdquo; Frazer en Panam\u00e1 el 28 de octubre de 1972. <\/p>\n<p>A partir de ese momento Antonio Cervantes se convirti\u00f3 en uno de los deportistas m\u00e1s importantes del pa\u00eds sudamericano. As\u00ed lo respaldan las 10 defensas exitosas que realiz\u00f3 y que le valieron el t\u00edtulo de: &ldquo;El hombre que ense\u00f1\u00f3 a ganar a Colombia&rdquo;. <\/p>\n<p>Por tal motivo la AMB, quiso estar presente en este homenaje otorg\u00e1ndole una faja de campe\u00f3n a Antonio Cervantes &ldquo;Kid Pambel\u00e9&rdquo;. <\/p>\n<p>&ldquo;Pambel\u00e9&rdquo; Cervantes realiz\u00f3 cuatro defensas exitosas en Panam\u00e1, ante Alfonso &ldquo;Pepermint&rdquo; Frazer a quien venci\u00f3 por K.O.T. en cinco asaltos, al japon\u00e9s Katsudo Lion Furuyama, a quien venci\u00f3 por decisi\u00f3n un\u00e1nime a Esteban De Jes\u00fas de igual manera y a H\u00e9ctor Thompson de Australia \u00a0a quien venci\u00f3 por K.O.T. en siete asaltos. \u00a0 <\/p>\n<p>\u00a0 <\/p>\n","protected":false},"excerpt":{"rendered":"<p>El ex campe\u00f3n Jr.welter de la Asociaci\u00f3n Mundial de Boxeo <a href=\"https:\/\/sertv.gob.pa\/nacionalfm\/amb-entrega-faja-de-campeon-a-antonio-cervantes-kid-pambele\/\"> [&#8230;]<\/a><\/p>\n","protected":false},"author":1,"featured_media":16729,"comment_status":"closed","ping_status":"closed","sticky":false,"template":"","format":"standard","meta":{"footnotes":""},"categories":[4],"tags":[],"class_list":["post-16728","post","type-post","status-publish","format-standard","has-post-thumbnail","hentry","category-deportes"],"_links":{"self":[{"href":"https:\/\/sertv.gob.pa\/nacionalfm\/wp-json\/wp\/v2\/posts\/16728","targetHints":{"allow":["GET"]}}],"collection":[{"href":"https:\/\/sertv.gob.pa\/nacionalfm\/wp-json\/wp\/v2\/posts"}],"about":[{"href":"https:\/\/sertv.gob.pa\/nacionalfm\/wp-json\/wp\/v2\/types\/post"}],"author":[{"embeddable":true,"href":"https:\/\/sertv.gob.pa\/nacionalfm\/wp-json\/wp\/v2\/users\/1"}],"replies":[{"embeddable":true,"href":"https:\/\/sertv.gob.pa\/nacionalfm\/wp-json\/wp\/v2\/comments?post=16728"}],"version-history":[{"count":0,"href":"https:\/\/sertv.gob.pa\/nacionalfm\/wp-json\/wp\/v2\/posts\/16728\/revisions"}],"wp:featuredmedia":[{"embeddable":true,"href":"https:\/\/sertv.gob.pa\/nacionalfm\/wp-json\/wp\/v2\/media\/16729"}],"wp:attachment":[{"href":"https:\/\/sertv.gob.pa\/nacionalfm\/wp-json\/wp\/v2\/media?parent=16728"}],"wp:term":[{"taxonomy":"category","embeddable":true,"href":"https:\/\/sertv.gob.pa\/nacionalfm\/wp-json\/wp\/v2\/categories?post=16728"},{"taxonomy":"post_tag","embeddable":true,"href":"https:\/\/sertv.gob.pa\/nacionalfm\/wp-json\/wp\/v2\/tags?post=16728"}],"curies":[{"name":"wp","href":"https:\/\/api.w.org\/{rel}","templated":true}]}}