{"id":16732,"date":"2016-11-01T15:17:36","date_gmt":"2016-11-01T15:17:36","guid":{"rendered":""},"modified":"2016-11-01T15:17:36","modified_gmt":"2016-11-01T15:17:36","slug":"junta-directiva-de-lpb-anuncia-nuevos-horarios-para-ultima-fecha","status":"publish","type":"post","link":"https:\/\/sertv.gob.pa\/nacionalfm\/junta-directiva-de-lpb-anuncia-nuevos-horarios-para-ultima-fecha\/","title":{"rendered":"Junta directiva de LPB anuncia nuevos horarios para \u00faltima fecha"},"content":{"rendered":"<p>\nPara los d\u00edas de partido de la fecha 15 de la Liga Profesional de Baloncesto, que cierra la temporada regular, la Junta Directiva, ha decidido hacer unos cambios, el mi\u00e9rcoles 9 de noviembre con el juego entre las \u00c1guilas de R\u00edo Abajo\u00a0 los Toros de Chiriqu\u00ed, desde las 8 de la noche, en el gimnasio de la Universidad Santa Mar\u00eda la Antigua (USMA). <\/p>\n<p>El segundo encuentro de la fecha se program\u00f3 para el s\u00e1bado 12 en la Arena Te\u00f3filo Panam\u00e1 Al Brown de Col\u00f3n, donde los Correcaminos recibir\u00e1n a los Halcones de Calle P,\u00a0 a partir de \u00a0las 8:00 de la noche. <\/p>\n<p>La fecha culminar\u00e1 el domingo 13 en el gimnasio de la USMA a las 5:00 p.m. con el enfrentamiento entre los Caballos de Cocl\u00e9 y Panteras de Parque Lefevre. <\/p>\n<p>\u00a0 <\/p>\n","protected":false},"excerpt":{"rendered":"<p>Para los d\u00edas de partido de la fecha 15 de <a href=\"https:\/\/sertv.gob.pa\/nacionalfm\/junta-directiva-de-lpb-anuncia-nuevos-horarios-para-ultima-fecha\/\"> [&#8230;]<\/a><\/p>\n","protected":false},"author":1,"featured_media":16733,"comment_status":"closed","ping_status":"closed","sticky":false,"template":"","format":"standard","meta":{"footnotes":""},"categories":[4],"tags":[],"class_list":["post-16732","post","type-post","status-publish","format-standard","has-post-thumbnail","hentry","category-deportes"],"_links":{"self":[{"href":"https:\/\/sertv.gob.pa\/nacionalfm\/wp-json\/wp\/v2\/posts\/16732","targetHints":{"allow":["GET"]}}],"collection":[{"href":"https:\/\/sertv.gob.pa\/nacionalfm\/wp-json\/wp\/v2\/posts"}],"about":[{"href":"https:\/\/sertv.gob.pa\/nacionalfm\/wp-json\/wp\/v2\/types\/post"}],"author":[{"embeddable":true,"href":"https:\/\/sertv.gob.pa\/nacionalfm\/wp-json\/wp\/v2\/users\/1"}],"replies":[{"embeddable":true,"href":"https:\/\/sertv.gob.pa\/nacionalfm\/wp-json\/wp\/v2\/comments?post=16732"}],"version-history":[{"count":0,"href":"https:\/\/sertv.gob.pa\/nacionalfm\/wp-json\/wp\/v2\/posts\/16732\/revisions"}],"wp:featuredmedia":[{"embeddable":true,"href":"https:\/\/sertv.gob.pa\/nacionalfm\/wp-json\/wp\/v2\/media\/16733"}],"wp:attachment":[{"href":"https:\/\/sertv.gob.pa\/nacionalfm\/wp-json\/wp\/v2\/media?parent=16732"}],"wp:term":[{"taxonomy":"category","embeddable":true,"href":"https:\/\/sertv.gob.pa\/nacionalfm\/wp-json\/wp\/v2\/categories?post=16732"},{"taxonomy":"post_tag","embeddable":true,"href":"https:\/\/sertv.gob.pa\/nacionalfm\/wp-json\/wp\/v2\/tags?post=16732"}],"curies":[{"name":"wp","href":"https:\/\/api.w.org\/{rel}","templated":true}]}}