{"id":16738,"date":"2016-11-01T20:14:17","date_gmt":"2016-11-01T20:14:17","guid":{"rendered":""},"modified":"2016-11-01T20:14:17","modified_gmt":"2016-11-01T20:14:17","slug":"panama-obtiene-iii-lugar-en-sudamericano-open-de-jiu-jitsu","status":"publish","type":"post","link":"https:\/\/sertv.gob.pa\/nacionalfm\/panama-obtiene-iii-lugar-en-sudamericano-open-de-jiu-jitsu\/","title":{"rendered":"Panam\u00e1 obtiene III lugar en Sudamericano Open de Jiu jitsu"},"content":{"rendered":"<p>\nPanam\u00e1 obtuvo un tercer lugar en el Sudamericano Open Bogot\u00e1 2016 de Jiu Jitsu, con destacada actuaci\u00f3n de los atletas C\u00e9sar P\u00e9rez en los 77 kgs Newaza, Feng Macre de kgs. Fighting y Adri\u00e1n Milord de 62 kig Newaza, lograron medallas de oro para Panam\u00e1, en sus respectivas modalidades, mientras que los atletas Joselhne Edwars, Nair Brown y Jhosue Delgado obtuvieron medallas de bronce. <\/p>\n<p>Cabe destacar que este evento otorga puntos de calificaci\u00f3n para los Juegos Mundiales de Combate 2017. <\/p>\n<p>En primer lugar qued\u00f3 la Selecci\u00f3n de Colombia, seguida del equipo Mexicano. <\/p>\n<p>La selecci\u00f3n nacional de Jiu Jitsu deportivo est\u00e1 conformada por atletas de jiu jitsu japon\u00e9s y brasile\u00f1o que han unido fuerzas para competir en la Federaci\u00f3n Internacional de Jiu Jitsu. <\/p>\n<p>Ahora, seguir\u00e1n prepar\u00e1ndose con miras al Mundial de Polonia 2016, que se desarrollar\u00e1 a partir del 26 de noviembre. <\/p>\n<p>\u00a0 \u00a0 \u00a0 \u00a0 \u00a0 <\/p>\n","protected":false},"excerpt":{"rendered":"<p>Panam\u00e1 obtuvo un tercer lugar en el Sudamericano Open Bogot\u00e1 <a href=\"https:\/\/sertv.gob.pa\/nacionalfm\/panama-obtiene-iii-lugar-en-sudamericano-open-de-jiu-jitsu\/\"> [&#8230;]<\/a><\/p>\n","protected":false},"author":1,"featured_media":16739,"comment_status":"closed","ping_status":"closed","sticky":false,"template":"","format":"standard","meta":{"footnotes":""},"categories":[4],"tags":[],"class_list":["post-16738","post","type-post","status-publish","format-standard","has-post-thumbnail","hentry","category-deportes"],"_links":{"self":[{"href":"https:\/\/sertv.gob.pa\/nacionalfm\/wp-json\/wp\/v2\/posts\/16738","targetHints":{"allow":["GET"]}}],"collection":[{"href":"https:\/\/sertv.gob.pa\/nacionalfm\/wp-json\/wp\/v2\/posts"}],"about":[{"href":"https:\/\/sertv.gob.pa\/nacionalfm\/wp-json\/wp\/v2\/types\/post"}],"author":[{"embeddable":true,"href":"https:\/\/sertv.gob.pa\/nacionalfm\/wp-json\/wp\/v2\/users\/1"}],"replies":[{"embeddable":true,"href":"https:\/\/sertv.gob.pa\/nacionalfm\/wp-json\/wp\/v2\/comments?post=16738"}],"version-history":[{"count":0,"href":"https:\/\/sertv.gob.pa\/nacionalfm\/wp-json\/wp\/v2\/posts\/16738\/revisions"}],"wp:featuredmedia":[{"embeddable":true,"href":"https:\/\/sertv.gob.pa\/nacionalfm\/wp-json\/wp\/v2\/media\/16739"}],"wp:attachment":[{"href":"https:\/\/sertv.gob.pa\/nacionalfm\/wp-json\/wp\/v2\/media?parent=16738"}],"wp:term":[{"taxonomy":"category","embeddable":true,"href":"https:\/\/sertv.gob.pa\/nacionalfm\/wp-json\/wp\/v2\/categories?post=16738"},{"taxonomy":"post_tag","embeddable":true,"href":"https:\/\/sertv.gob.pa\/nacionalfm\/wp-json\/wp\/v2\/tags?post=16738"}],"curies":[{"name":"wp","href":"https:\/\/api.w.org\/{rel}","templated":true}]}}