{"id":16740,"date":"2016-11-01T20:16:46","date_gmt":"2016-11-01T20:16:46","guid":{"rendered":""},"modified":"2016-11-01T20:16:46","modified_gmt":"2016-11-01T20:16:46","slug":"el-congreso-del-cancer-solicita-una-lucha-global-e-inclusiva","status":"publish","type":"post","link":"https:\/\/sertv.gob.pa\/nacionalfm\/el-congreso-del-cancer-solicita-una-lucha-global-e-inclusiva\/","title":{"rendered":"El Congreso del C\u00e1ncer solicita una lucha global e inclusiva"},"content":{"rendered":"<p>\nEl Congreso Mundial del C\u00e1ncer abog\u00f3 por una lucha global e inclusiva contra esa enfermedad, que no discrimine a los pacientes por el coste del tratamiento o por su situaci\u00f3n geogr\u00e1fica o econ\u00f3mica, y que dedique a las mujeres, una de sus principales v\u00edctimas, una atenci\u00f3n especial. <\/p>\n<p>La jornada inaugural de este encuentro organizado por la Uni\u00f3n Internacional Contra el C\u00e1ncer (UICC) recalc\u00f3 que solo ser\u00e1 eficaz una lucha en todos los frentes y que no olvide ni estigmatice a nadie. <\/p>\n<p>El presidente de Francia, Fran\u00e7ois Hollande, destac\u00f3 que tener acceso a los tratamientos de \u00faltima generaci\u00f3n es \u00abuna reivindicaci\u00f3n humanitaria\u00bb, porque no se puede aceptar \u00abque unos sean curados y otros no\u00bb. <\/p>\n<p>Est\u00e1 en juego, apunt\u00f3, evitar \u00aba\u00f1os de vida perdidos, familias en duelo, juventudes rotas\u00bb. <\/p>\n<p>La reina de Espa\u00f1a, que ofreci\u00f3 tambi\u00e9n uno de los discursos de apertura, se\u00f1al\u00f3 en esa misma l\u00ednea que los tratamientos deber\u00edan ser asequibles y accesibles para todos, e incidi\u00f3 en la importancia de la investigaci\u00f3n oncol\u00f3gica para poner freno a esa enfermedad. <\/p>\n<p>\u00abM\u00e1s de la mitad de los c\u00e1nceres m\u00e1s comunes se pueden evitar, por lo que, nunca mejor dicho, lo que comemos, bebemos y respiramos y la manera en que nos comportamos y vivimos son de vital importancia. Aqu\u00ed todos vosotros sab\u00e9is qu\u00e9 quiero decir -indic\u00f3 a los expertos- e igualmente lo deber\u00eda saber la poblaci\u00f3n en general\u00bb, se\u00f1al\u00f3 la reina Letizia. <\/p>\n<p>Los debates y mesas redondas, que se clausurar\u00e1n el 3 de noviembre, van a reunir a m\u00e1s de 3.000 expertos bajo el t\u00edtulo \u00abHay que movilizarse para la acci\u00f3n, aceleremos el cambio\u00bb. <\/p>\n<p>\u00a0 <\/p>\n<p>\u00a0 <\/p>\n","protected":false},"excerpt":{"rendered":"<p>El Congreso Mundial del C\u00e1ncer abog\u00f3 por una lucha global <a href=\"https:\/\/sertv.gob.pa\/nacionalfm\/el-congreso-del-cancer-solicita-una-lucha-global-e-inclusiva\/\"> [&#8230;]<\/a><\/p>\n","protected":false},"author":1,"featured_media":16741,"comment_status":"closed","ping_status":"closed","sticky":false,"template":"","format":"standard","meta":{"footnotes":""},"categories":[5],"tags":[],"class_list":["post-16740","post","type-post","status-publish","format-standard","has-post-thumbnail","hentry","category-salud"],"_links":{"self":[{"href":"https:\/\/sertv.gob.pa\/nacionalfm\/wp-json\/wp\/v2\/posts\/16740","targetHints":{"allow":["GET"]}}],"collection":[{"href":"https:\/\/sertv.gob.pa\/nacionalfm\/wp-json\/wp\/v2\/posts"}],"about":[{"href":"https:\/\/sertv.gob.pa\/nacionalfm\/wp-json\/wp\/v2\/types\/post"}],"author":[{"embeddable":true,"href":"https:\/\/sertv.gob.pa\/nacionalfm\/wp-json\/wp\/v2\/users\/1"}],"replies":[{"embeddable":true,"href":"https:\/\/sertv.gob.pa\/nacionalfm\/wp-json\/wp\/v2\/comments?post=16740"}],"version-history":[{"count":0,"href":"https:\/\/sertv.gob.pa\/nacionalfm\/wp-json\/wp\/v2\/posts\/16740\/revisions"}],"wp:featuredmedia":[{"embeddable":true,"href":"https:\/\/sertv.gob.pa\/nacionalfm\/wp-json\/wp\/v2\/media\/16741"}],"wp:attachment":[{"href":"https:\/\/sertv.gob.pa\/nacionalfm\/wp-json\/wp\/v2\/media?parent=16740"}],"wp:term":[{"taxonomy":"category","embeddable":true,"href":"https:\/\/sertv.gob.pa\/nacionalfm\/wp-json\/wp\/v2\/categories?post=16740"},{"taxonomy":"post_tag","embeddable":true,"href":"https:\/\/sertv.gob.pa\/nacionalfm\/wp-json\/wp\/v2\/tags?post=16740"}],"curies":[{"name":"wp","href":"https:\/\/api.w.org\/{rel}","templated":true}]}}