{"id":16746,"date":"2016-11-01T21:36:50","date_gmt":"2016-11-01T21:36:50","guid":{"rendered":""},"modified":"2016-11-01T21:36:50","modified_gmt":"2016-11-01T21:36:50","slug":"panama-deja-en-el-terreno-a-japon-en-el-mundial-sub-23-de-beisbol","status":"publish","type":"post","link":"https:\/\/sertv.gob.pa\/nacionalfm\/panama-deja-en-el-terreno-a-japon-en-el-mundial-sub-23-de-beisbol\/","title":{"rendered":"Panam\u00e1 deja en el terreno a Jap\u00f3n en el Mundial Sub-23 de B\u00e9isbol"},"content":{"rendered":"<p>\nPanam\u00e1 dej\u00f3 en el terreno a Jap\u00f3n al vencer por 5 carreras a 4, para clasificar invicto a la siguiente fase, del Mundial Sub-23 de B\u00e9isbol que se desarrolla en M\u00e9xico. <\/p>\n<p>Panam\u00e1 perd\u00eda en la novena entrada y era su \u00faltima oportunidad, cuando la pizarra estaba 4-1, Gerald Chin rompi\u00f3 el empate y el cuarto bate Ibrahim McKenzie empuj\u00f3 la carrera de la victoria, y el lanzador ganador fue Javier Garc\u00eda. <\/p>\n<p>El pr\u00f3ximo partido ser\u00e1 el 3 de noviembre ante Nicaragua. <\/p>\n","protected":false},"excerpt":{"rendered":"<p>Panam\u00e1 dej\u00f3 en el terreno a Jap\u00f3n al vencer por <a href=\"https:\/\/sertv.gob.pa\/nacionalfm\/panama-deja-en-el-terreno-a-japon-en-el-mundial-sub-23-de-beisbol\/\"> [&#8230;]<\/a><\/p>\n","protected":false},"author":1,"featured_media":16747,"comment_status":"closed","ping_status":"closed","sticky":false,"template":"","format":"standard","meta":{"footnotes":""},"categories":[4],"tags":[],"class_list":["post-16746","post","type-post","status-publish","format-standard","has-post-thumbnail","hentry","category-deportes"],"_links":{"self":[{"href":"https:\/\/sertv.gob.pa\/nacionalfm\/wp-json\/wp\/v2\/posts\/16746","targetHints":{"allow":["GET"]}}],"collection":[{"href":"https:\/\/sertv.gob.pa\/nacionalfm\/wp-json\/wp\/v2\/posts"}],"about":[{"href":"https:\/\/sertv.gob.pa\/nacionalfm\/wp-json\/wp\/v2\/types\/post"}],"author":[{"embeddable":true,"href":"https:\/\/sertv.gob.pa\/nacionalfm\/wp-json\/wp\/v2\/users\/1"}],"replies":[{"embeddable":true,"href":"https:\/\/sertv.gob.pa\/nacionalfm\/wp-json\/wp\/v2\/comments?post=16746"}],"version-history":[{"count":0,"href":"https:\/\/sertv.gob.pa\/nacionalfm\/wp-json\/wp\/v2\/posts\/16746\/revisions"}],"wp:featuredmedia":[{"embeddable":true,"href":"https:\/\/sertv.gob.pa\/nacionalfm\/wp-json\/wp\/v2\/media\/16747"}],"wp:attachment":[{"href":"https:\/\/sertv.gob.pa\/nacionalfm\/wp-json\/wp\/v2\/media?parent=16746"}],"wp:term":[{"taxonomy":"category","embeddable":true,"href":"https:\/\/sertv.gob.pa\/nacionalfm\/wp-json\/wp\/v2\/categories?post=16746"},{"taxonomy":"post_tag","embeddable":true,"href":"https:\/\/sertv.gob.pa\/nacionalfm\/wp-json\/wp\/v2\/tags?post=16746"}],"curies":[{"name":"wp","href":"https:\/\/api.w.org\/{rel}","templated":true}]}}