{"id":16768,"date":"2016-11-02T19:12:05","date_gmt":"2016-11-02T19:12:05","guid":{"rendered":""},"modified":"2016-11-02T19:12:05","modified_gmt":"2016-11-02T19:12:05","slug":"factores-que-afectan-la-salud-de-la-piel","status":"publish","type":"post","link":"https:\/\/sertv.gob.pa\/nacionalfm\/factores-que-afectan-la-salud-de-la-piel\/","title":{"rendered":"Factores que afectan la salud de la piel"},"content":{"rendered":"<p>\nLa  Academia Americana de Dermatolog\u00eda  considera que entre los  factores m\u00e1s peligrosos para la piel  est\u00e1n el sol, el cigarrillo y el alcohol. <\/p>\n<p>Las recomendaciones para una piel en buen estado son puntuales. <\/p>\n<p>El sol tiene que tomarse con moderaci\u00f3n e incluir siempre el protector solar. Este es un h\u00e1bito que hay que adoptar desde la ni\u00f1ez. <\/p>\n<p>Tampoco deben olvidar el uso de medios f\u00edsicos como sombreros, sombrillas, gafas, ropa oscura y andar a la sombra. <\/p>\n<p>Para mantener una vida sana se aconseja evitar el consumo excesivo de bebidas alcoh\u00f3licas, ya que aparte de afectar la piel, tambi\u00e9n aumentan los riesgos de enfermedades gastrointestinales, metab\u00f3licas y cardiacas. <\/p>\n<p>En estas recomendaciones est\u00e1 mantener una dieta equilibrada, pues los alimentos adecuados ayudar\u00e1n a mantener la salud de la piel. Por ejemplo, las verduras, las frutas, los cereales y las prote\u00ednas magras (como el pescado) son sus aliadas. <\/p>\n<p>\u00bfQu\u00e9 tipo de frutas y qu\u00e9 vegetales? Naranjas, fresas, limones, ar\u00e1ndanos, zanahorias, albaricoques, espinaca, tomates, guisantes y lentejas. <\/p>\n<p>Consumir en exceso az\u00facar, grasas saturadas y harinas favorecer\u00e1 la aparici\u00f3n de acn\u00e9, espinillas y arrugas. <\/p>\n<p>Y por \u00faltimo: \u00a0no fumar <\/p>\n","protected":false},"excerpt":{"rendered":"<p>La Academia Americana de Dermatolog\u00eda considera que entre los factores <a href=\"https:\/\/sertv.gob.pa\/nacionalfm\/factores-que-afectan-la-salud-de-la-piel\/\"> [&#8230;]<\/a><\/p>\n","protected":false},"author":1,"featured_media":16769,"comment_status":"closed","ping_status":"closed","sticky":false,"template":"","format":"standard","meta":{"footnotes":""},"categories":[5],"tags":[],"class_list":["post-16768","post","type-post","status-publish","format-standard","has-post-thumbnail","hentry","category-salud"],"_links":{"self":[{"href":"https:\/\/sertv.gob.pa\/nacionalfm\/wp-json\/wp\/v2\/posts\/16768","targetHints":{"allow":["GET"]}}],"collection":[{"href":"https:\/\/sertv.gob.pa\/nacionalfm\/wp-json\/wp\/v2\/posts"}],"about":[{"href":"https:\/\/sertv.gob.pa\/nacionalfm\/wp-json\/wp\/v2\/types\/post"}],"author":[{"embeddable":true,"href":"https:\/\/sertv.gob.pa\/nacionalfm\/wp-json\/wp\/v2\/users\/1"}],"replies":[{"embeddable":true,"href":"https:\/\/sertv.gob.pa\/nacionalfm\/wp-json\/wp\/v2\/comments?post=16768"}],"version-history":[{"count":0,"href":"https:\/\/sertv.gob.pa\/nacionalfm\/wp-json\/wp\/v2\/posts\/16768\/revisions"}],"wp:featuredmedia":[{"embeddable":true,"href":"https:\/\/sertv.gob.pa\/nacionalfm\/wp-json\/wp\/v2\/media\/16769"}],"wp:attachment":[{"href":"https:\/\/sertv.gob.pa\/nacionalfm\/wp-json\/wp\/v2\/media?parent=16768"}],"wp:term":[{"taxonomy":"category","embeddable":true,"href":"https:\/\/sertv.gob.pa\/nacionalfm\/wp-json\/wp\/v2\/categories?post=16768"},{"taxonomy":"post_tag","embeddable":true,"href":"https:\/\/sertv.gob.pa\/nacionalfm\/wp-json\/wp\/v2\/tags?post=16768"}],"curies":[{"name":"wp","href":"https:\/\/api.w.org\/{rel}","templated":true}]}}