{"id":16770,"date":"2016-11-02T19:19:24","date_gmt":"2016-11-02T19:19:24","guid":{"rendered":""},"modified":"2016-11-02T19:19:24","modified_gmt":"2016-11-02T19:19:24","slug":"uso-moderado-de-facebook-nos-alarga-la-vida","status":"publish","type":"post","link":"https:\/\/sertv.gob.pa\/nacionalfm\/uso-moderado-de-facebook-nos-alarga-la-vida\/","title":{"rendered":"Uso moderado de Facebook nos alarga la vida"},"content":{"rendered":"<p>\nUn estudio efectuado por soci\u00f3logos de la Universidad de California en San Diego (EEUU) concluy\u00f3 que un uso moderado de la red social Facebook podr\u00eda estar asociado con una mayor esperanza de vida. <\/p>\n<p>El estudio, publicado este lunes en un art\u00edculo en la revista Proceedings of the National Academy of Sciences (PNAS), compar\u00f3 los datos de doce millones de usuarios de Facebook de California con sus historiales m\u00e9dicos. <\/p>\n<p>La principal conclusi\u00f3n fue que los usuarios de Facebook nacidos en un determinado a\u00f1o tienen un 12 % menos de posibilidades de morir que aquellos llegados al mundo en el mismo a\u00f1o y que no utilizan la red social. <\/p>\n<p>El director del estudio, William Hobbs, explic\u00f3 en un comunicado que los resultados tan solo confirman la teor\u00eda elaborada en 1979 por la soci\u00f3loga Lisa Berkman de que las personas con v\u00ednculos sociales fuertes tienen una mayor esperanza de vida. <\/p>\n<p>A diferencia de 1979, basado en interacciones personales, el estudio de Hobbs concluy\u00f3 que aceptar solicitudes de amistad o publicar fotograf\u00edas en esa red equivale a establecer los v\u00ednculos sociales que teoriz\u00f3 Berkman. <\/p>\n<p>\u00abInteractuar en l\u00ednea parece ser saludable cuando la actividad es moderada y complementa interacciones personales\u00bb, explic\u00f3 Hobbs. Hobbs, no obstante, igualmente reconoci\u00f3 que las conclusiones pueden deberse a las diferencias econ\u00f3micas y sociales entre usuarios y no usuarios de Facebook. <\/p>\n<p>\u00a0 <\/p>\n","protected":false},"excerpt":{"rendered":"<p>Un estudio efectuado por soci\u00f3logos de la Universidad de California <a href=\"https:\/\/sertv.gob.pa\/nacionalfm\/uso-moderado-de-facebook-nos-alarga-la-vida\/\"> [&#8230;]<\/a><\/p>\n","protected":false},"author":1,"featured_media":16771,"comment_status":"closed","ping_status":"closed","sticky":false,"template":"","format":"standard","meta":{"footnotes":""},"categories":[5],"tags":[],"class_list":["post-16770","post","type-post","status-publish","format-standard","has-post-thumbnail","hentry","category-salud"],"_links":{"self":[{"href":"https:\/\/sertv.gob.pa\/nacionalfm\/wp-json\/wp\/v2\/posts\/16770","targetHints":{"allow":["GET"]}}],"collection":[{"href":"https:\/\/sertv.gob.pa\/nacionalfm\/wp-json\/wp\/v2\/posts"}],"about":[{"href":"https:\/\/sertv.gob.pa\/nacionalfm\/wp-json\/wp\/v2\/types\/post"}],"author":[{"embeddable":true,"href":"https:\/\/sertv.gob.pa\/nacionalfm\/wp-json\/wp\/v2\/users\/1"}],"replies":[{"embeddable":true,"href":"https:\/\/sertv.gob.pa\/nacionalfm\/wp-json\/wp\/v2\/comments?post=16770"}],"version-history":[{"count":0,"href":"https:\/\/sertv.gob.pa\/nacionalfm\/wp-json\/wp\/v2\/posts\/16770\/revisions"}],"wp:featuredmedia":[{"embeddable":true,"href":"https:\/\/sertv.gob.pa\/nacionalfm\/wp-json\/wp\/v2\/media\/16771"}],"wp:attachment":[{"href":"https:\/\/sertv.gob.pa\/nacionalfm\/wp-json\/wp\/v2\/media?parent=16770"}],"wp:term":[{"taxonomy":"category","embeddable":true,"href":"https:\/\/sertv.gob.pa\/nacionalfm\/wp-json\/wp\/v2\/categories?post=16770"},{"taxonomy":"post_tag","embeddable":true,"href":"https:\/\/sertv.gob.pa\/nacionalfm\/wp-json\/wp\/v2\/tags?post=16770"}],"curies":[{"name":"wp","href":"https:\/\/api.w.org\/{rel}","templated":true}]}}