{"id":16772,"date":"2016-11-07T15:05:31","date_gmt":"2016-11-07T15:05:31","guid":{"rendered":""},"modified":"2016-11-07T15:05:31","modified_gmt":"2016-11-07T15:05:31","slug":"pandeportes-integra-ii-jornada-de-enfoca","status":"publish","type":"post","link":"https:\/\/sertv.gob.pa\/nacionalfm\/pandeportes-integra-ii-jornada-de-enfoca\/","title":{"rendered":"PANDEPORTES integra II jornada de ENFOCA"},"content":{"rendered":"<p>\nEl Ministerio de Desarrollo Social (MIDES)\u00a0 a trav\u00e9s de La Oficina de Desarrollo Social Seguro (ODSS) en conjunto con el Instituto Paname\u00f1o de Deportes, Arigatou Internacional y con la asistencia t\u00e9cnica y financiera de la Secretaria de Integraci\u00f3n de Centro Am\u00e9rica (SISCA)\u00a0 realizar\u00e1n la II Jornada Nacional de ENFOCA (Entrenamiento para la Formaci\u00f3n del Car\u00e1cter) del 7 al 9 de noviembre en el hotel Mykonos de la ciudad de Santiago, provincia de Veraguas. <\/p>\n<p>ENFOCA es una estrategia formativa de intervenci\u00f3n comunitaria para la ense\u00f1anza de valores, la cultura de paz y la convivencia pac\u00edfica mediante el desarrollo de disciplinas deportivas, no competitivas. <\/p>\n<p>El a\u00f1o pasado, el MIDES a trav\u00e9s la ODSS, con la asistencia t\u00e9cnica y financiera de Sisca y el gobierno de Taiw\u00e1n implement\u00f3 la iniciativa, dirigida a 350 adolescentes y j\u00f3venes en riesgo social de 6 distritos quienes fueron capacitados en la metodolog\u00eda de ense\u00f1anza de valores y habilidades para la vida con la finalidad de promover entornos seguros y prevenir las violencias a nivel de las comunidades. <\/p>\n<p>Cabe destacar que la ODSS involucr\u00f3 estrat\u00e9gicamente a PANDEPORTES, instituci\u00f3n regente en materia deportiva del pa\u00eds, las alcald\u00edas; la Polic\u00eda Nacional; la Universidad de Panam\u00e1 (a trav\u00e9s\u00a0 de la escuela de Educaci\u00f3n F\u00edsica), la Federaci\u00f3n Paname\u00f1a de F\u00fatbol y la Red Global de Religiones a Favor de la Ni\u00f1ez (ARIGATOU International-GNRC). <\/p>\n","protected":false},"excerpt":{"rendered":"<p>El Ministerio de Desarrollo Social (MIDES)\u00a0 a trav\u00e9s de La <a href=\"https:\/\/sertv.gob.pa\/nacionalfm\/pandeportes-integra-ii-jornada-de-enfoca\/\"> [&#8230;]<\/a><\/p>\n","protected":false},"author":1,"featured_media":16773,"comment_status":"closed","ping_status":"closed","sticky":false,"template":"","format":"standard","meta":{"footnotes":""},"categories":[4],"tags":[],"class_list":["post-16772","post","type-post","status-publish","format-standard","has-post-thumbnail","hentry","category-deportes"],"_links":{"self":[{"href":"https:\/\/sertv.gob.pa\/nacionalfm\/wp-json\/wp\/v2\/posts\/16772","targetHints":{"allow":["GET"]}}],"collection":[{"href":"https:\/\/sertv.gob.pa\/nacionalfm\/wp-json\/wp\/v2\/posts"}],"about":[{"href":"https:\/\/sertv.gob.pa\/nacionalfm\/wp-json\/wp\/v2\/types\/post"}],"author":[{"embeddable":true,"href":"https:\/\/sertv.gob.pa\/nacionalfm\/wp-json\/wp\/v2\/users\/1"}],"replies":[{"embeddable":true,"href":"https:\/\/sertv.gob.pa\/nacionalfm\/wp-json\/wp\/v2\/comments?post=16772"}],"version-history":[{"count":0,"href":"https:\/\/sertv.gob.pa\/nacionalfm\/wp-json\/wp\/v2\/posts\/16772\/revisions"}],"wp:featuredmedia":[{"embeddable":true,"href":"https:\/\/sertv.gob.pa\/nacionalfm\/wp-json\/wp\/v2\/media\/16773"}],"wp:attachment":[{"href":"https:\/\/sertv.gob.pa\/nacionalfm\/wp-json\/wp\/v2\/media?parent=16772"}],"wp:term":[{"taxonomy":"category","embeddable":true,"href":"https:\/\/sertv.gob.pa\/nacionalfm\/wp-json\/wp\/v2\/categories?post=16772"},{"taxonomy":"post_tag","embeddable":true,"href":"https:\/\/sertv.gob.pa\/nacionalfm\/wp-json\/wp\/v2\/tags?post=16772"}],"curies":[{"name":"wp","href":"https:\/\/api.w.org\/{rel}","templated":true}]}}