{"id":16800,"date":"2016-11-07T21:52:12","date_gmt":"2016-11-07T21:52:12","guid":{"rendered":""},"modified":"2016-11-07T21:52:12","modified_gmt":"2016-11-07T21:52:12","slug":"sedentarismo-y-sus-efectos-en-la-salud","status":"publish","type":"post","link":"https:\/\/sertv.gob.pa\/nacionalfm\/sedentarismo-y-sus-efectos-en-la-salud\/","title":{"rendered":"Sedentarismo y sus efectos en la salud"},"content":{"rendered":"<p>\nEn el mundo hay un grupo notable de personas contagiadas por hacer toda clase de actividad f\u00edsica. Mientras que otro sector del planeta lleva una vida m\u00e1s que sedentaria. <\/p>\n<p>\u00bfCu\u00e1ndo se es sedentario? Cuando \u00fanicamente se realiza una actividad f\u00edsica por semana y de manera no repetitiva, lo que conlleva un funcionamiento inadecuado de sus \u00f3rganos, indica el m\u00e9dico general  Carlos Osorio . <\/p>\n<p>Adem\u00e1s, se caracteriza por la falta de actividad f\u00edsica regular, definida como menos de 30 minutos diarios de ejercicio regular y durante menos de tres d\u00edas a la semana. <\/p>\n<p>La recomendaci\u00f3n de la  Organizaci\u00f3n Mundial de la Salud  (OMS) es de 150 minutos de actividad f\u00edsica semanal como m\u00ednimo. <\/p>\n<p>El 60% de la poblaci\u00f3n mundial es sedentaria, asegura el endocrin\u00f3logo  Gustavo Marciaga Real,  de la Cl\u00ednica de Tiroides, Diabetes y Enfermedades Hormonales. <\/p>\n<p>No se trata nada m\u00e1s de ejercicio f\u00edsico tradicional, sino que se busca, por lo menos, hacer peque\u00f1os cambios en su rutina diaria. <\/p>\n<p>Por ejemplo, si trabaja en una oficina, no se la pase siempre sentado. Lo mejor es levantarse de vez en cuando y hacer alg\u00fan tipo de estiramiento. O si va a un centro comercial, no deje su autom\u00f3vil cerca del \u00e1rea a donde va, lo que la obligar\u00e1 a caminar un poco. <\/p>\n<p>El sedentarismo afecta \u00a0la salud de la misma forma que lo hace la mala alimentaci\u00f3n, o el consumo de cigarrillo y de alcohol, se\u00f1ala la OMS. <\/p>\n<p>Seg\u00fan este organismo, aquellos que efect\u00faan poca actividad f\u00edsica tienen entre un 20% y un 30% m\u00e1s probabilidades de morir de manera m\u00e1s temprana. <\/p>\n<p>Entre m\u00e1s actividad f\u00edsica realice, usted incrementar\u00e1 la capacidad de prevenci\u00f3n de ciertas enfermedades que puede producir el sedentarismo, recuerda Marciaga. <\/p>\n<p>Si no quiere ser catalogado como una persona sedentaria, usted tendr\u00e1 que efectuar 150 minutos de actividad f\u00edsica cada semana. <\/p>\n<p>\u00a0 <\/p>\n","protected":false},"excerpt":{"rendered":"<p>En el mundo hay un grupo notable de personas contagiadas <a href=\"https:\/\/sertv.gob.pa\/nacionalfm\/sedentarismo-y-sus-efectos-en-la-salud\/\"> [&#8230;]<\/a><\/p>\n","protected":false},"author":1,"featured_media":16801,"comment_status":"closed","ping_status":"closed","sticky":false,"template":"","format":"standard","meta":{"footnotes":""},"categories":[5],"tags":[],"class_list":["post-16800","post","type-post","status-publish","format-standard","has-post-thumbnail","hentry","category-salud"],"_links":{"self":[{"href":"https:\/\/sertv.gob.pa\/nacionalfm\/wp-json\/wp\/v2\/posts\/16800","targetHints":{"allow":["GET"]}}],"collection":[{"href":"https:\/\/sertv.gob.pa\/nacionalfm\/wp-json\/wp\/v2\/posts"}],"about":[{"href":"https:\/\/sertv.gob.pa\/nacionalfm\/wp-json\/wp\/v2\/types\/post"}],"author":[{"embeddable":true,"href":"https:\/\/sertv.gob.pa\/nacionalfm\/wp-json\/wp\/v2\/users\/1"}],"replies":[{"embeddable":true,"href":"https:\/\/sertv.gob.pa\/nacionalfm\/wp-json\/wp\/v2\/comments?post=16800"}],"version-history":[{"count":0,"href":"https:\/\/sertv.gob.pa\/nacionalfm\/wp-json\/wp\/v2\/posts\/16800\/revisions"}],"wp:featuredmedia":[{"embeddable":true,"href":"https:\/\/sertv.gob.pa\/nacionalfm\/wp-json\/wp\/v2\/media\/16801"}],"wp:attachment":[{"href":"https:\/\/sertv.gob.pa\/nacionalfm\/wp-json\/wp\/v2\/media?parent=16800"}],"wp:term":[{"taxonomy":"category","embeddable":true,"href":"https:\/\/sertv.gob.pa\/nacionalfm\/wp-json\/wp\/v2\/categories?post=16800"},{"taxonomy":"post_tag","embeddable":true,"href":"https:\/\/sertv.gob.pa\/nacionalfm\/wp-json\/wp\/v2\/tags?post=16800"}],"curies":[{"name":"wp","href":"https:\/\/api.w.org\/{rel}","templated":true}]}}