{"id":16802,"date":"2016-11-07T22:31:41","date_gmt":"2016-11-07T22:31:41","guid":{"rendered":""},"modified":"2016-11-07T22:31:41","modified_gmt":"2016-11-07T22:31:41","slug":"ascienden-a-8-en-la-amb-a-jaime-arboleda-sale-chiricano-hidrogo","status":"publish","type":"post","link":"https:\/\/sertv.gob.pa\/nacionalfm\/ascienden-a-8-en-la-amb-a-jaime-arboleda-sale-chiricano-hidrogo\/","title":{"rendered":"Ascienden a 8 en la AMB a Jaime Arboleda, sale chiricano Hidrogo"},"content":{"rendered":"<p>\nLa Asociaci\u00f3n Mundial de Boxeo en sus \u00faltimas clasificaciones ascendi\u00f3 al paname\u00f1o Jaime Arboleda a octavo en los pesos super plumas, donde tambi\u00e9n sube al escalaf\u00f3n n\u00famero 10 ricardo \u00abEl Cient\u00edfico\u00bb N\u00fa\u00f1ez \u00a0y se mantiene de 15 Juan Huertas. <\/p>\n<p>En los pesos plumas se mantiene al chiricano Bryan &ldquo;La Roca&rdquo; De Gracia como s\u00e9ptimo, y el chiricano Israel Hidrogo sale de las clasificaciones al perder ante el venezolano Keiver Fern\u00e1ndez, quien fue ubicado en el n\u00famero 15 de los moscas. <\/p>\n<p>Azael &ldquo;Candelilla&rdquo; \u00a0Villar se mantiene de noveno retador y asciende Leroy &ldquo;El Sensacional&rdquo; Estrada a 10 entre los mini moscas,\u00a0 <\/p>\n","protected":false},"excerpt":{"rendered":"<p>La Asociaci\u00f3n Mundial de Boxeo en sus \u00faltimas clasificaciones ascendi\u00f3 <a href=\"https:\/\/sertv.gob.pa\/nacionalfm\/ascienden-a-8-en-la-amb-a-jaime-arboleda-sale-chiricano-hidrogo\/\"> [&#8230;]<\/a><\/p>\n","protected":false},"author":1,"featured_media":16803,"comment_status":"closed","ping_status":"closed","sticky":false,"template":"","format":"standard","meta":{"footnotes":""},"categories":[4],"tags":[],"class_list":["post-16802","post","type-post","status-publish","format-standard","has-post-thumbnail","hentry","category-deportes"],"_links":{"self":[{"href":"https:\/\/sertv.gob.pa\/nacionalfm\/wp-json\/wp\/v2\/posts\/16802","targetHints":{"allow":["GET"]}}],"collection":[{"href":"https:\/\/sertv.gob.pa\/nacionalfm\/wp-json\/wp\/v2\/posts"}],"about":[{"href":"https:\/\/sertv.gob.pa\/nacionalfm\/wp-json\/wp\/v2\/types\/post"}],"author":[{"embeddable":true,"href":"https:\/\/sertv.gob.pa\/nacionalfm\/wp-json\/wp\/v2\/users\/1"}],"replies":[{"embeddable":true,"href":"https:\/\/sertv.gob.pa\/nacionalfm\/wp-json\/wp\/v2\/comments?post=16802"}],"version-history":[{"count":0,"href":"https:\/\/sertv.gob.pa\/nacionalfm\/wp-json\/wp\/v2\/posts\/16802\/revisions"}],"wp:featuredmedia":[{"embeddable":true,"href":"https:\/\/sertv.gob.pa\/nacionalfm\/wp-json\/wp\/v2\/media\/16803"}],"wp:attachment":[{"href":"https:\/\/sertv.gob.pa\/nacionalfm\/wp-json\/wp\/v2\/media?parent=16802"}],"wp:term":[{"taxonomy":"category","embeddable":true,"href":"https:\/\/sertv.gob.pa\/nacionalfm\/wp-json\/wp\/v2\/categories?post=16802"},{"taxonomy":"post_tag","embeddable":true,"href":"https:\/\/sertv.gob.pa\/nacionalfm\/wp-json\/wp\/v2\/tags?post=16802"}],"curies":[{"name":"wp","href":"https:\/\/api.w.org\/{rel}","templated":true}]}}