{"id":16816,"date":"2016-11-08T16:11:48","date_gmt":"2016-11-08T16:11:48","guid":{"rendered":""},"modified":"2016-11-08T16:11:48","modified_gmt":"2016-11-08T16:11:48","slug":"aristides-bustamante-y-anibal-reluz-satisfechos-con-la-sub-23","status":"publish","type":"post","link":"https:\/\/sertv.gob.pa\/nacionalfm\/aristides-bustamante-y-anibal-reluz-satisfechos-con-la-sub-23\/","title":{"rendered":"Aristides Bustamante y An\u00edbal Reluz satisfechos con la Sub-23"},"content":{"rendered":"<p>\nEl Seleccionado paname\u00f1o que cay\u00f3 el domingo por la medalla de bronce ante Corea del Sur\u00a0 5-3, en el Campeonato Mundial Sub-23 de b\u00e9isbol que se jug\u00f3 en Monterrey, M\u00e9xico y ocuparon la cuarta posici\u00f3n a nivel mundial, es el relevo generacional seg\u00fan destac\u00f3 su entrenador Aristides Bustamante, por haberle ganado a grandes potencias, como Corea del Sur, Jap\u00f3n para lograr el gran objetivo que era el de estar entre los 4 grandes del b\u00e9isbol mundial. <\/p>\n<p>Por su parte, An\u00edbal Reluz, gerente de la Federaci\u00f3n Paname\u00f1a de B\u00e9isbol (Fedebeis), se mostr\u00f3 complacido y satisfecho con el rendimiento del equipo que volver\u00e1 a la acci\u00f3n el pr\u00f3ximo a\u00f1o en el arranque del Ciclo Ol\u00edmpico 2017-2020. \u00a0 <\/p>\n<p>El jardinero Rodrigo Orozco destac\u00f3 que: &ldquo;el equipo paname\u00f1o dio el cien por ciento en todos los juegos y la no clasificaci\u00f3n de Panam\u00e1 a la final se debi\u00f3 a que falt\u00f3 contundencia y aprovechar las oportunidades como lo hicieron los equipos contrarios&rdquo;, expres\u00f3. Puntualiz\u00f3 Orozco en cuanto al futuro de la selecci\u00f3n que: &ldquo;Nosotros representamos ese relevo generacional y toca trabajar duro para seguir afrontando estos tipos de torneos. Tenemos un buen equipo conformado por jugadores j\u00f3venes&rdquo;, concluy\u00f3 Orozco. <\/p>\n<p>\u00a0 <\/p>\n","protected":false},"excerpt":{"rendered":"<p>El Seleccionado paname\u00f1o que cay\u00f3 el domingo por la medalla <a href=\"https:\/\/sertv.gob.pa\/nacionalfm\/aristides-bustamante-y-anibal-reluz-satisfechos-con-la-sub-23\/\"> [&#8230;]<\/a><\/p>\n","protected":false},"author":1,"featured_media":16817,"comment_status":"closed","ping_status":"closed","sticky":false,"template":"","format":"standard","meta":{"footnotes":""},"categories":[4],"tags":[],"class_list":["post-16816","post","type-post","status-publish","format-standard","has-post-thumbnail","hentry","category-deportes"],"_links":{"self":[{"href":"https:\/\/sertv.gob.pa\/nacionalfm\/wp-json\/wp\/v2\/posts\/16816","targetHints":{"allow":["GET"]}}],"collection":[{"href":"https:\/\/sertv.gob.pa\/nacionalfm\/wp-json\/wp\/v2\/posts"}],"about":[{"href":"https:\/\/sertv.gob.pa\/nacionalfm\/wp-json\/wp\/v2\/types\/post"}],"author":[{"embeddable":true,"href":"https:\/\/sertv.gob.pa\/nacionalfm\/wp-json\/wp\/v2\/users\/1"}],"replies":[{"embeddable":true,"href":"https:\/\/sertv.gob.pa\/nacionalfm\/wp-json\/wp\/v2\/comments?post=16816"}],"version-history":[{"count":0,"href":"https:\/\/sertv.gob.pa\/nacionalfm\/wp-json\/wp\/v2\/posts\/16816\/revisions"}],"wp:featuredmedia":[{"embeddable":true,"href":"https:\/\/sertv.gob.pa\/nacionalfm\/wp-json\/wp\/v2\/media\/16817"}],"wp:attachment":[{"href":"https:\/\/sertv.gob.pa\/nacionalfm\/wp-json\/wp\/v2\/media?parent=16816"}],"wp:term":[{"taxonomy":"category","embeddable":true,"href":"https:\/\/sertv.gob.pa\/nacionalfm\/wp-json\/wp\/v2\/categories?post=16816"},{"taxonomy":"post_tag","embeddable":true,"href":"https:\/\/sertv.gob.pa\/nacionalfm\/wp-json\/wp\/v2\/tags?post=16816"}],"curies":[{"name":"wp","href":"https:\/\/api.w.org\/{rel}","templated":true}]}}