{"id":16834,"date":"2016-11-08T21:45:43","date_gmt":"2016-11-08T21:45:43","guid":{"rendered":""},"modified":"2016-11-08T21:45:43","modified_gmt":"2016-11-08T21:45:43","slug":"operation-walk-en-su-version-xvii","status":"publish","type":"post","link":"https:\/\/sertv.gob.pa\/nacionalfm\/operation-walk-en-su-version-xvii\/","title":{"rendered":"Operation Walk, en su versi\u00f3n XVII"},"content":{"rendered":"<p>\nEl programa humanitario  Operation Walk , en su XVII versi\u00f3n, benefici\u00f3 a 53 personas que necesitaban de una pr\u00f3tesis de rodilla o cadera para recuperar su movilidad.\u00a0 <\/p>\n<p>El  Hospital Santo Tom\u00e1s , en la capital paname\u00f1a, se convirti\u00f3 en la sede de este programa humanitario de Estados Unidos, que se brinda de manera gratuita.\u00a0 <\/p>\n<p>El viceministro de Salud, Eric Ulloa, expres\u00f3 \u00a0que existen muchas personas que se hallan en espera de una cirug\u00eda de este tipo, que\u00a0se benefician con la ayuda de programas como los que adelanta esta misi\u00f3n estadounidense. <\/p>\n<p>Otro que opin\u00f3 sobre\u00a0este programa es el embajador de  Estados Unidos \u00a0en Panam\u00e1, John Feeley, quien indic\u00f3 que se trata de una colaboraci\u00f3n que lleva m\u00e1s de una d\u00e9cada y que en espacio de una semana o dos se trabaja en el reemplazo de caderas y rodillas. <\/p>\n<p>Feeley coment\u00f3 que durante su estad\u00eda en el hospital vio tantas caras sonrientes de \u00abpersonas que seguro el a\u00f1o pr\u00f3ximo estar\u00e1n bailando para las fiestas patrias\u00bb. <\/p>\n<p>En tanto, el doctor Aram Neuschatz, miembro de Operation Walk &ndash;que\u00a0por segunda vez vino a Panam\u00e1 con este programa&ndash; explic\u00f3 que las operaciones tienen los mismos est\u00e1ndares de Estados Unidos. <\/p>\n<p>Neuschatz, quien labora en un hospital de Denver (Colorado), se\u00f1al\u00f3 que una de sus mejores semanas de vacaciones es cuando puede participar de estas actividades. El doctor resalt\u00f3 igualmente la\u00a0colaboraci\u00f3n y agradecimiento que observa en los pacientes paname\u00f1os. <\/p>\n<p>\u00a0 <\/p>\n","protected":false},"excerpt":{"rendered":"<p>El programa humanitario Operation Walk , en su XVII versi\u00f3n, <a href=\"https:\/\/sertv.gob.pa\/nacionalfm\/operation-walk-en-su-version-xvii\/\"> [&#8230;]<\/a><\/p>\n","protected":false},"author":1,"featured_media":16835,"comment_status":"closed","ping_status":"closed","sticky":false,"template":"","format":"standard","meta":{"footnotes":""},"categories":[5],"tags":[],"class_list":["post-16834","post","type-post","status-publish","format-standard","has-post-thumbnail","hentry","category-salud"],"_links":{"self":[{"href":"https:\/\/sertv.gob.pa\/nacionalfm\/wp-json\/wp\/v2\/posts\/16834","targetHints":{"allow":["GET"]}}],"collection":[{"href":"https:\/\/sertv.gob.pa\/nacionalfm\/wp-json\/wp\/v2\/posts"}],"about":[{"href":"https:\/\/sertv.gob.pa\/nacionalfm\/wp-json\/wp\/v2\/types\/post"}],"author":[{"embeddable":true,"href":"https:\/\/sertv.gob.pa\/nacionalfm\/wp-json\/wp\/v2\/users\/1"}],"replies":[{"embeddable":true,"href":"https:\/\/sertv.gob.pa\/nacionalfm\/wp-json\/wp\/v2\/comments?post=16834"}],"version-history":[{"count":0,"href":"https:\/\/sertv.gob.pa\/nacionalfm\/wp-json\/wp\/v2\/posts\/16834\/revisions"}],"wp:featuredmedia":[{"embeddable":true,"href":"https:\/\/sertv.gob.pa\/nacionalfm\/wp-json\/wp\/v2\/media\/16835"}],"wp:attachment":[{"href":"https:\/\/sertv.gob.pa\/nacionalfm\/wp-json\/wp\/v2\/media?parent=16834"}],"wp:term":[{"taxonomy":"category","embeddable":true,"href":"https:\/\/sertv.gob.pa\/nacionalfm\/wp-json\/wp\/v2\/categories?post=16834"},{"taxonomy":"post_tag","embeddable":true,"href":"https:\/\/sertv.gob.pa\/nacionalfm\/wp-json\/wp\/v2\/tags?post=16834"}],"curies":[{"name":"wp","href":"https:\/\/api.w.org\/{rel}","templated":true}]}}