{"id":16838,"date":"2016-11-08T22:05:41","date_gmt":"2016-11-08T22:05:41","guid":{"rendered":""},"modified":"2016-11-08T22:05:41","modified_gmt":"2016-11-08T22:05:41","slug":"el-lunes-14-de-noviembre-inicia-torneo-interzona-dela-policia-nacional","status":"publish","type":"post","link":"https:\/\/sertv.gob.pa\/nacionalfm\/el-lunes-14-de-noviembre-inicia-torneo-interzona-dela-policia-nacional\/","title":{"rendered":"El lunes 14 de noviembre inicia Torneo Interzona de la Polic\u00eda Nacional"},"content":{"rendered":"<p>\nEste lunes 14 de noviembre se inicia el Campeonato Interzona de Boxeo, el cual se extender\u00e1 hasta el viernes 18, en el Fantastic Casino de Albrok, desde las 4:30 de la tarde. <\/p>\n<p>En el evento se disputar\u00e1n medallas en 3 categor\u00edas, Clase A de boxeadores experimentados, Clase B p\u00fagiles novatos y la Rama Femenina. <\/p>\n<p>Los grandes ausentes del torneo este a\u00f1os ser\u00e1n Oscar Omar Pe\u00f1alba en los pesos moscas, Luis &ldquo;Coquimbo&rdquo; Hern\u00e1ndez en los welter y la campeona mundial femenina Atheyna Bylon, quienes representar\u00e1n a Panam\u00e1 en el Campeonato Centroamericano que se efectuar\u00e1 en San Jos\u00e9 de Costa Rica. <\/p>\n<p>Otros boxeadores como Melanio Flores y Gustavo Caicedo se les ver\u00e1 como entrenadores en las esquinas, ya que cumplieron la edad de 40 a\u00f1os para la jubilaci\u00f3n de los boxeadores ol\u00edmpicos. <\/p>\n","protected":false},"excerpt":{"rendered":"<p>Este lunes 14 de noviembre se inicia el Campeonato Interzona <a href=\"https:\/\/sertv.gob.pa\/nacionalfm\/el-lunes-14-de-noviembre-inicia-torneo-interzona-dela-policia-nacional\/\"> [&#8230;]<\/a><\/p>\n","protected":false},"author":1,"featured_media":16839,"comment_status":"closed","ping_status":"closed","sticky":false,"template":"","format":"standard","meta":{"footnotes":""},"categories":[4],"tags":[],"class_list":["post-16838","post","type-post","status-publish","format-standard","has-post-thumbnail","hentry","category-deportes"],"_links":{"self":[{"href":"https:\/\/sertv.gob.pa\/nacionalfm\/wp-json\/wp\/v2\/posts\/16838","targetHints":{"allow":["GET"]}}],"collection":[{"href":"https:\/\/sertv.gob.pa\/nacionalfm\/wp-json\/wp\/v2\/posts"}],"about":[{"href":"https:\/\/sertv.gob.pa\/nacionalfm\/wp-json\/wp\/v2\/types\/post"}],"author":[{"embeddable":true,"href":"https:\/\/sertv.gob.pa\/nacionalfm\/wp-json\/wp\/v2\/users\/1"}],"replies":[{"embeddable":true,"href":"https:\/\/sertv.gob.pa\/nacionalfm\/wp-json\/wp\/v2\/comments?post=16838"}],"version-history":[{"count":0,"href":"https:\/\/sertv.gob.pa\/nacionalfm\/wp-json\/wp\/v2\/posts\/16838\/revisions"}],"wp:featuredmedia":[{"embeddable":true,"href":"https:\/\/sertv.gob.pa\/nacionalfm\/wp-json\/wp\/v2\/media\/16839"}],"wp:attachment":[{"href":"https:\/\/sertv.gob.pa\/nacionalfm\/wp-json\/wp\/v2\/media?parent=16838"}],"wp:term":[{"taxonomy":"category","embeddable":true,"href":"https:\/\/sertv.gob.pa\/nacionalfm\/wp-json\/wp\/v2\/categories?post=16838"},{"taxonomy":"post_tag","embeddable":true,"href":"https:\/\/sertv.gob.pa\/nacionalfm\/wp-json\/wp\/v2\/tags?post=16838"}],"curies":[{"name":"wp","href":"https:\/\/api.w.org\/{rel}","templated":true}]}}