{"id":16840,"date":"2016-11-08T23:05:10","date_gmt":"2016-11-08T23:05:10","guid":{"rendered":""},"modified":"2016-11-08T23:05:10","modified_gmt":"2016-11-08T23:05:10","slug":"galindo-cardenas-en-encuentro-natural-ante-macarron-miranda","status":"publish","type":"post","link":"https:\/\/sertv.gob.pa\/nacionalfm\/galindo-cardenas-en-encuentro-natural-ante-macarron-miranda\/","title":{"rendered":"Galindo C\u00e1rdenas en encuentro natural ante \u201cMacarr\u00f3n\u201d Miranda"},"content":{"rendered":"<p>\nEl s\u00e1bado 26 de noviembre en el gimnasio La Basita en David, Chiriqu\u00ed, podremos presenciar un choque natural entre dos fuertes pegadores del boxeo nacional, los prospectos Galindo C\u00e1rdenas, oriundo de la provincia de Los Santos, y Daniel &ldquo;Macarr\u00f3n&rdquo; Miranda, de Puerto Armuelles. <\/p>\n<p>El encuentro ser\u00e1 el coestelar del encuentro entre el clasificado mundial de Chiriqu\u00ed, Bryan De Gracia ante el coclesano Gilberto &ldquo;Farall\u00f3n&rdquo; Cort\u00e9z. <\/p>\n<p>Para Galindo C\u00e1rdenas es la oportunidad de mostrarse ante el p\u00fablico nacional, ya que sus anteriores combates han sido en eventos de menor nivel, y ahora tiene la oportunidad de ser protagonista de un combate coestelar en una cartilla de gran calibre. <\/p>\n<p>En su \u00faltimo combate Galindo C\u00e1rdenas venci\u00f3 por decisi\u00f3n mayoritaria al venezolano N\u00e9sto Armas, en combate celebrado en Tumero, Venezuela, en tanto que su rival Daniel &ldquo;Macarr\u00f3n&rdquo; Miranda, viene de ganar sus dos \u00faltimos encuentros por la v\u00eda r\u00e1pida ante Ferm\u00edn\u00a0 Miranda y Fernando &ldquo;La Pantera&rdquo; Miranda. <\/p>\n<p>Galindo C\u00e1rdenas cuenta con un r\u00e9cord inmaculado de 7 victorias con 4 ganadas por la v\u00eda r\u00e1pida y su rival tiene un palmar\u00e9s de 8 victorias, 2 derrotas y 6 ganadas por la ruta del K.O. <\/p>\n","protected":false},"excerpt":{"rendered":"<p>El s\u00e1bado 26 de noviembre en el gimnasio La Basita <a href=\"https:\/\/sertv.gob.pa\/nacionalfm\/galindo-cardenas-en-encuentro-natural-ante-macarron-miranda\/\"> [&#8230;]<\/a><\/p>\n","protected":false},"author":1,"featured_media":16841,"comment_status":"closed","ping_status":"closed","sticky":false,"template":"","format":"standard","meta":{"footnotes":""},"categories":[4],"tags":[],"class_list":["post-16840","post","type-post","status-publish","format-standard","has-post-thumbnail","hentry","category-deportes"],"_links":{"self":[{"href":"https:\/\/sertv.gob.pa\/nacionalfm\/wp-json\/wp\/v2\/posts\/16840","targetHints":{"allow":["GET"]}}],"collection":[{"href":"https:\/\/sertv.gob.pa\/nacionalfm\/wp-json\/wp\/v2\/posts"}],"about":[{"href":"https:\/\/sertv.gob.pa\/nacionalfm\/wp-json\/wp\/v2\/types\/post"}],"author":[{"embeddable":true,"href":"https:\/\/sertv.gob.pa\/nacionalfm\/wp-json\/wp\/v2\/users\/1"}],"replies":[{"embeddable":true,"href":"https:\/\/sertv.gob.pa\/nacionalfm\/wp-json\/wp\/v2\/comments?post=16840"}],"version-history":[{"count":0,"href":"https:\/\/sertv.gob.pa\/nacionalfm\/wp-json\/wp\/v2\/posts\/16840\/revisions"}],"wp:featuredmedia":[{"embeddable":true,"href":"https:\/\/sertv.gob.pa\/nacionalfm\/wp-json\/wp\/v2\/media\/16841"}],"wp:attachment":[{"href":"https:\/\/sertv.gob.pa\/nacionalfm\/wp-json\/wp\/v2\/media?parent=16840"}],"wp:term":[{"taxonomy":"category","embeddable":true,"href":"https:\/\/sertv.gob.pa\/nacionalfm\/wp-json\/wp\/v2\/categories?post=16840"},{"taxonomy":"post_tag","embeddable":true,"href":"https:\/\/sertv.gob.pa\/nacionalfm\/wp-json\/wp\/v2\/tags?post=16840"}],"curies":[{"name":"wp","href":"https:\/\/api.w.org\/{rel}","templated":true}]}}