{"id":1686,"date":"2014-09-25T05:00:00","date_gmt":"2014-09-25T05:00:00","guid":{"rendered":""},"modified":"2014-09-25T05:00:00","modified_gmt":"2014-09-25T05:00:00","slug":"autoridades-del-minsa-presentan-plan-de-prevencion-de-enfermedades","status":"publish","type":"post","link":"https:\/\/sertv.gob.pa\/nacionalfm\/autoridades-del-minsa-presentan-plan-de-prevencion-de-enfermedades\/","title":{"rendered":"Autoridades del MINSA, presentan plan de prevenci\u00f3n de enfermedades"},"content":{"rendered":"<p>\nLas autoridades del Ministerio de Salud (MINSA) presentaron el plan de prevenci\u00f3n y control de enfermedades no transmisibles y sus factores de riesgo 2014-2019. <\/p>\n<p>A trav\u00e9s de esta iniciativa se busca reducir la incidencia de enfermedades cardiovasculares, el c\u00e1ncer, diabetes, entre otras relacionadas con estilos de vida sedentarios. <\/p>\n<p>Al respecto, Julio Santamar\u00eda, asesor del MINSA, expres\u00f3 que estas patolog\u00edas causan el 50% de las muertes anuales en Panam\u00e1. A\u00f1adi\u00f3 que la situaci\u00f3n se repite en otros pa\u00edses de la regi\u00f3n centroamericana.\u00a0 @nacionalFm <\/p>\n","protected":false},"excerpt":{"rendered":"<p>Las autoridades del Ministerio de Salud (MINSA) presentaron el plan <a href=\"https:\/\/sertv.gob.pa\/nacionalfm\/autoridades-del-minsa-presentan-plan-de-prevencion-de-enfermedades\/\"> [&#8230;]<\/a><\/p>\n","protected":false},"author":1,"featured_media":1687,"comment_status":"closed","ping_status":"closed","sticky":false,"template":"","format":"standard","meta":{"footnotes":""},"categories":[5],"tags":[],"class_list":["post-1686","post","type-post","status-publish","format-standard","has-post-thumbnail","hentry","category-salud"],"_links":{"self":[{"href":"https:\/\/sertv.gob.pa\/nacionalfm\/wp-json\/wp\/v2\/posts\/1686","targetHints":{"allow":["GET"]}}],"collection":[{"href":"https:\/\/sertv.gob.pa\/nacionalfm\/wp-json\/wp\/v2\/posts"}],"about":[{"href":"https:\/\/sertv.gob.pa\/nacionalfm\/wp-json\/wp\/v2\/types\/post"}],"author":[{"embeddable":true,"href":"https:\/\/sertv.gob.pa\/nacionalfm\/wp-json\/wp\/v2\/users\/1"}],"replies":[{"embeddable":true,"href":"https:\/\/sertv.gob.pa\/nacionalfm\/wp-json\/wp\/v2\/comments?post=1686"}],"version-history":[{"count":0,"href":"https:\/\/sertv.gob.pa\/nacionalfm\/wp-json\/wp\/v2\/posts\/1686\/revisions"}],"wp:featuredmedia":[{"embeddable":true,"href":"https:\/\/sertv.gob.pa\/nacionalfm\/wp-json\/wp\/v2\/media\/1687"}],"wp:attachment":[{"href":"https:\/\/sertv.gob.pa\/nacionalfm\/wp-json\/wp\/v2\/media?parent=1686"}],"wp:term":[{"taxonomy":"category","embeddable":true,"href":"https:\/\/sertv.gob.pa\/nacionalfm\/wp-json\/wp\/v2\/categories?post=1686"},{"taxonomy":"post_tag","embeddable":true,"href":"https:\/\/sertv.gob.pa\/nacionalfm\/wp-json\/wp\/v2\/tags?post=1686"}],"curies":[{"name":"wp","href":"https:\/\/api.w.org\/{rel}","templated":true}]}}