{"id":16872,"date":"2016-11-09T21:45:59","date_gmt":"2016-11-09T21:45:59","guid":{"rendered":""},"modified":"2016-11-09T21:45:59","modified_gmt":"2016-11-09T21:45:59","slug":"vendedores-ambulantes-son-sancionados-por-incumplir-leyes-sanitarias","status":"publish","type":"post","link":"https:\/\/sertv.gob.pa\/nacionalfm\/vendedores-ambulantes-son-sancionados-por-incumplir-leyes-sanitarias\/","title":{"rendered":"Vendedores ambulantes son sancionados por incumplir leyes sanitarias"},"content":{"rendered":"<p>\nEl  Ministerio de Salud (Minsa) \u00a0interpuso este martes 8 de noviembre un total de  siete multas a puestos de venta de alimentos ambulante  por incumplimiento de las normas sanitarias. <\/p>\n<p>Las sanciones se dieron durante la celebraci\u00f3n del 195 aniversario del grito de insurrecci\u00f3n table\u00f1a que se realiza\u00a0en esa ciudad sante\u00f1a. <\/p>\n<p>La informaci\u00f3n la confirm\u00f3 el supervisor del Departamento de Saneamiento Ambiental del Minsa Los Santos,  Sergio Luna , quien manifest\u00f3 que las multas son por no portar las vestimentas adecuadas y los debidos permisos sanitarios para la venta de productos. <\/p>\n<p>Entre puestos ambulantes est\u00e1n vendedores de agua, sodas y helados. <\/p>\n<p>Igualmente se efectuaron siete decomisos que suman 134 art\u00edculos deteriorados y vencidos. <\/p>\n<p>\u00a0 <\/p>\n","protected":false},"excerpt":{"rendered":"<p>El Ministerio de Salud (Minsa) \u00a0interpuso este martes 8 de <a href=\"https:\/\/sertv.gob.pa\/nacionalfm\/vendedores-ambulantes-son-sancionados-por-incumplir-leyes-sanitarias\/\"> [&#8230;]<\/a><\/p>\n","protected":false},"author":1,"featured_media":16873,"comment_status":"closed","ping_status":"closed","sticky":false,"template":"","format":"standard","meta":{"footnotes":""},"categories":[5],"tags":[],"class_list":["post-16872","post","type-post","status-publish","format-standard","has-post-thumbnail","hentry","category-salud"],"_links":{"self":[{"href":"https:\/\/sertv.gob.pa\/nacionalfm\/wp-json\/wp\/v2\/posts\/16872","targetHints":{"allow":["GET"]}}],"collection":[{"href":"https:\/\/sertv.gob.pa\/nacionalfm\/wp-json\/wp\/v2\/posts"}],"about":[{"href":"https:\/\/sertv.gob.pa\/nacionalfm\/wp-json\/wp\/v2\/types\/post"}],"author":[{"embeddable":true,"href":"https:\/\/sertv.gob.pa\/nacionalfm\/wp-json\/wp\/v2\/users\/1"}],"replies":[{"embeddable":true,"href":"https:\/\/sertv.gob.pa\/nacionalfm\/wp-json\/wp\/v2\/comments?post=16872"}],"version-history":[{"count":0,"href":"https:\/\/sertv.gob.pa\/nacionalfm\/wp-json\/wp\/v2\/posts\/16872\/revisions"}],"wp:featuredmedia":[{"embeddable":true,"href":"https:\/\/sertv.gob.pa\/nacionalfm\/wp-json\/wp\/v2\/media\/16873"}],"wp:attachment":[{"href":"https:\/\/sertv.gob.pa\/nacionalfm\/wp-json\/wp\/v2\/media?parent=16872"}],"wp:term":[{"taxonomy":"category","embeddable":true,"href":"https:\/\/sertv.gob.pa\/nacionalfm\/wp-json\/wp\/v2\/categories?post=16872"},{"taxonomy":"post_tag","embeddable":true,"href":"https:\/\/sertv.gob.pa\/nacionalfm\/wp-json\/wp\/v2\/tags?post=16872"}],"curies":[{"name":"wp","href":"https:\/\/api.w.org\/{rel}","templated":true}]}}