{"id":16898,"date":"2016-11-11T23:19:08","date_gmt":"2016-11-11T23:19:08","guid":{"rendered":""},"modified":"2016-11-11T23:19:08","modified_gmt":"2016-11-11T23:19:08","slug":"el-lunes-inicia-xvii-torneo-interzona-de-la-policia-nacional","status":"publish","type":"post","link":"https:\/\/sertv.gob.pa\/nacionalfm\/el-lunes-inicia-xvii-torneo-interzona-de-la-policia-nacional\/","title":{"rendered":"El lunes inicia XVII Torneo Interzona de la Polic\u00eda Nacional"},"content":{"rendered":"<p>\nLa Polic\u00eda Nacional de Panam\u00e1 en conferencia de prensa lanz\u00f3 el inicio del Torneo Interzona de Boxeo de la Polic\u00eda Nacional en su versi\u00f3n n\u00famero 17, que se iniciar\u00e1 el lunes 14 de noviembre en el Fantastic Casino desde las tres de la tarde por efecto del acto de inauguraci\u00f3n los dem\u00e1s d\u00edas comenzar\u00e1n a las cuatro de la tarde. <\/p>\n<p>Se anunci\u00f3 que debido al operativo que tendr\u00e1 la Polic\u00eda Nacional el martes15, \u00a0por efecto del partido Panam\u00e1 &ndash; M\u00e9xico. para el torneo ser\u00e1 d\u00eda libre, y se reanuda el mi\u00e9rcoles 16 de noviembre. <\/p>\n<p>Este a\u00f1o se incluir\u00e1n las categor\u00edas A y B, tambi\u00e9n en la rama femenina, igual que la categor\u00eda femenina. <\/p>\n<p>Los grandes ausentes del torneo ser\u00e1n Oscar Omar Pe\u00f1alba, Luis &ldquo;Coquimbo&rdquo; Hern\u00e1ndez y la campeona mundial Atheyna Bylon quienes nos estar\u00e1n representando en el pr\u00f3ximo campeonato Centroamericano que se desarrollar\u00e1 en Costa Rica. <\/p>\n<p>El examen m\u00e9dico y pesaje se llevar\u00e1 a cabo el mismo lunes 14 de noviembre de 6 a 10 de la ma\u00f1ana y posteriormente se efectuar\u00e1 el sorteo. <\/p>\n","protected":false},"excerpt":{"rendered":"<p>La Polic\u00eda Nacional de Panam\u00e1 en conferencia de prensa lanz\u00f3 <a href=\"https:\/\/sertv.gob.pa\/nacionalfm\/el-lunes-inicia-xvii-torneo-interzona-de-la-policia-nacional\/\"> [&#8230;]<\/a><\/p>\n","protected":false},"author":1,"featured_media":16899,"comment_status":"closed","ping_status":"closed","sticky":false,"template":"","format":"standard","meta":{"footnotes":""},"categories":[4],"tags":[],"class_list":["post-16898","post","type-post","status-publish","format-standard","has-post-thumbnail","hentry","category-deportes"],"_links":{"self":[{"href":"https:\/\/sertv.gob.pa\/nacionalfm\/wp-json\/wp\/v2\/posts\/16898","targetHints":{"allow":["GET"]}}],"collection":[{"href":"https:\/\/sertv.gob.pa\/nacionalfm\/wp-json\/wp\/v2\/posts"}],"about":[{"href":"https:\/\/sertv.gob.pa\/nacionalfm\/wp-json\/wp\/v2\/types\/post"}],"author":[{"embeddable":true,"href":"https:\/\/sertv.gob.pa\/nacionalfm\/wp-json\/wp\/v2\/users\/1"}],"replies":[{"embeddable":true,"href":"https:\/\/sertv.gob.pa\/nacionalfm\/wp-json\/wp\/v2\/comments?post=16898"}],"version-history":[{"count":0,"href":"https:\/\/sertv.gob.pa\/nacionalfm\/wp-json\/wp\/v2\/posts\/16898\/revisions"}],"wp:featuredmedia":[{"embeddable":true,"href":"https:\/\/sertv.gob.pa\/nacionalfm\/wp-json\/wp\/v2\/media\/16899"}],"wp:attachment":[{"href":"https:\/\/sertv.gob.pa\/nacionalfm\/wp-json\/wp\/v2\/media?parent=16898"}],"wp:term":[{"taxonomy":"category","embeddable":true,"href":"https:\/\/sertv.gob.pa\/nacionalfm\/wp-json\/wp\/v2\/categories?post=16898"},{"taxonomy":"post_tag","embeddable":true,"href":"https:\/\/sertv.gob.pa\/nacionalfm\/wp-json\/wp\/v2\/tags?post=16898"}],"curies":[{"name":"wp","href":"https:\/\/api.w.org\/{rel}","templated":true}]}}