{"id":1690,"date":"2014-09-25T05:00:00","date_gmt":"2014-09-25T05:00:00","guid":{"rendered":""},"modified":"2014-09-25T05:00:00","modified_gmt":"2014-09-25T05:00:00","slug":"sigue-operativo-para-el-exterminio-de-roedores-en-san-miguelito","status":"publish","type":"post","link":"https:\/\/sertv.gob.pa\/nacionalfm\/sigue-operativo-para-el-exterminio-de-roedores-en-san-miguelito\/","title":{"rendered":"Sigue operativo para el exterminio de roedores, en San Miguelito"},"content":{"rendered":"<p>\n Revisalud , quien es la empresa que tiene a su cargo la recolecci\u00f3n de la basura en el distrito de San Miguelito, al igual que las autoridades del Ministerio de Salud (MINSA), contin\u00faan este jueves, 25 de septiembre, con el operativo de limpieza y la colocaci\u00f3n de cebo a fin de eliminar a los roedores en la zona. <\/p>\n<p>Este operativo que dio comienzo desde tempranas horas de la ma\u00f1ana, tiene como meta remediar el problema de acumulaci\u00f3n de basura, criaderos de mosquitos y ratas en este populoso distrito. <\/p>\n<p>Cabe mencionar que esta actividad se viene efectuando desde fechas recientes, y por ello, el MINSA ha estado fumigando parte del distrito de San Miguelito, hallando de este modo una intensiva poblaci\u00f3n de estos roedores, que seg\u00fan las autoridades de salud de este distrito, son los promotores de distintos tipos de enfermedades en Calle Octava y Monte Oscuro donde se han presentado pacientes en los centros de salud con v\u00f3mitos.\u00a0 @nacionalFm <\/p>\n","protected":false},"excerpt":{"rendered":"<p>Revisalud , quien es la empresa que tiene a su <a href=\"https:\/\/sertv.gob.pa\/nacionalfm\/sigue-operativo-para-el-exterminio-de-roedores-en-san-miguelito\/\"> [&#8230;]<\/a><\/p>\n","protected":false},"author":1,"featured_media":1691,"comment_status":"closed","ping_status":"closed","sticky":false,"template":"","format":"standard","meta":{"footnotes":""},"categories":[5],"tags":[],"class_list":["post-1690","post","type-post","status-publish","format-standard","has-post-thumbnail","hentry","category-salud"],"_links":{"self":[{"href":"https:\/\/sertv.gob.pa\/nacionalfm\/wp-json\/wp\/v2\/posts\/1690","targetHints":{"allow":["GET"]}}],"collection":[{"href":"https:\/\/sertv.gob.pa\/nacionalfm\/wp-json\/wp\/v2\/posts"}],"about":[{"href":"https:\/\/sertv.gob.pa\/nacionalfm\/wp-json\/wp\/v2\/types\/post"}],"author":[{"embeddable":true,"href":"https:\/\/sertv.gob.pa\/nacionalfm\/wp-json\/wp\/v2\/users\/1"}],"replies":[{"embeddable":true,"href":"https:\/\/sertv.gob.pa\/nacionalfm\/wp-json\/wp\/v2\/comments?post=1690"}],"version-history":[{"count":0,"href":"https:\/\/sertv.gob.pa\/nacionalfm\/wp-json\/wp\/v2\/posts\/1690\/revisions"}],"wp:featuredmedia":[{"embeddable":true,"href":"https:\/\/sertv.gob.pa\/nacionalfm\/wp-json\/wp\/v2\/media\/1691"}],"wp:attachment":[{"href":"https:\/\/sertv.gob.pa\/nacionalfm\/wp-json\/wp\/v2\/media?parent=1690"}],"wp:term":[{"taxonomy":"category","embeddable":true,"href":"https:\/\/sertv.gob.pa\/nacionalfm\/wp-json\/wp\/v2\/categories?post=1690"},{"taxonomy":"post_tag","embeddable":true,"href":"https:\/\/sertv.gob.pa\/nacionalfm\/wp-json\/wp\/v2\/tags?post=1690"}],"curies":[{"name":"wp","href":"https:\/\/api.w.org\/{rel}","templated":true}]}}