{"id":16930,"date":"2016-11-14T21:36:57","date_gmt":"2016-11-14T21:36:57","guid":{"rendered":""},"modified":"2016-11-14T21:36:57","modified_gmt":"2016-11-14T21:36:57","slug":"dia-mundial-de-la-diabetes","status":"publish","type":"post","link":"https:\/\/sertv.gob.pa\/nacionalfm\/dia-mundial-de-la-diabetes\/","title":{"rendered":"D\u00eda Mundial de la Diabetes"},"content":{"rendered":"<p>\nEn Panam\u00e1 1 de cada 10 personas adultas padece diabetes, seg\u00fan estad\u00edsticas de la Federaci\u00f3n Internacional de Diabetes en 2015. De este n\u00famero, un 40% no ha sido diagnosticado. \u00a0Hoy, en el D\u00eda Mundial de la Diabetes se busca crear conciencia sobre esta enfermedad que se incrementa. <\/p>\n<p>El tipo m\u00e1s com\u00fan de diabetes es la tipo dos. Su prevalencia a nivel nacional y global va en aumento por causa de los estilos de vida modernos, que exacerban los factores de riesgo para desarrollar la enfermedad. Entre estos se puede nombrar la obesidad, la mala alimentaci\u00f3n y la inactividad f\u00edsica. El historial familiar igualmente representa un fuerte factor de riesgo. <\/p>\n<p>Muchas de las personas que sufren diabetes tipo dos pueden no descubrirlo por a\u00f1os, si no llevan controles m\u00e9dicos regulares. <\/p>\n<p>En ambos casos la consecuencia es una elevaci\u00f3n de la glucosa en la sangre, lo cual puede manifestarse a trav\u00e9s de una serie de s\u00edntomas. <\/p>\n<p>Seg\u00fan el doctor Gustavo Marciaga del Centro M\u00e9dico Paitilla, estos incluyen: visi\u00f3n borrosa, sed excesiva, fatiga, sensaci\u00f3n constante de hambre, lesiones que tardan en sanar, hormigueo en las manos o los pies, infecciones recurrentes de la piel, enc\u00edas o vejiga o una necesidad frecuente de orinar. <\/p>\n<p>Luego de varios a\u00f1os, si la enfermedad no se mantiene bajo control, la diabetes puede acarrear serias consecuencias a la salud. <\/p>\n<p>Por ejemplo, obstrucci\u00f3n de las arterias, problemas cerebrovasculares, ceguera, problemas coronarios, problemas renales, que pueden llevar a di\u00e1lisis o trasplante de \u00f3rganos o infecciones en los pies o piernas, que pudieran derivar en amputaciones. <\/p>\n<p>Por su parte, el doctor Daniel Abouganem, endocrin\u00f3logo del Hospital Punta Pac\u00edfica, asegura que &lsquo;esta enfermedad y sus complicaciones pueden evitarse manteniendo un buen peso, consumiendo alimentos saludables, haciendo ejercicio y sobre todo manteniendo niveles adecuados de glucosa.&#8217; <\/p>\n<p>Dado que la enfermedad no tiene cura, adem\u00e1s de los estilos de vida saludable, el control del az\u00facar se basa en f\u00e1rmacos orales o inyecciones de insulina, bajo supervisi\u00f3n m\u00e9dica. <\/p>\n<p>\u00a0 <\/p>\n","protected":false},"excerpt":{"rendered":"<p>En Panam\u00e1 1 de cada 10 personas adultas padece diabetes, <a href=\"https:\/\/sertv.gob.pa\/nacionalfm\/dia-mundial-de-la-diabetes\/\"> [&#8230;]<\/a><\/p>\n","protected":false},"author":1,"featured_media":16931,"comment_status":"closed","ping_status":"closed","sticky":false,"template":"","format":"standard","meta":{"footnotes":""},"categories":[5],"tags":[],"class_list":["post-16930","post","type-post","status-publish","format-standard","has-post-thumbnail","hentry","category-salud"],"_links":{"self":[{"href":"https:\/\/sertv.gob.pa\/nacionalfm\/wp-json\/wp\/v2\/posts\/16930","targetHints":{"allow":["GET"]}}],"collection":[{"href":"https:\/\/sertv.gob.pa\/nacionalfm\/wp-json\/wp\/v2\/posts"}],"about":[{"href":"https:\/\/sertv.gob.pa\/nacionalfm\/wp-json\/wp\/v2\/types\/post"}],"author":[{"embeddable":true,"href":"https:\/\/sertv.gob.pa\/nacionalfm\/wp-json\/wp\/v2\/users\/1"}],"replies":[{"embeddable":true,"href":"https:\/\/sertv.gob.pa\/nacionalfm\/wp-json\/wp\/v2\/comments?post=16930"}],"version-history":[{"count":0,"href":"https:\/\/sertv.gob.pa\/nacionalfm\/wp-json\/wp\/v2\/posts\/16930\/revisions"}],"wp:featuredmedia":[{"embeddable":true,"href":"https:\/\/sertv.gob.pa\/nacionalfm\/wp-json\/wp\/v2\/media\/16931"}],"wp:attachment":[{"href":"https:\/\/sertv.gob.pa\/nacionalfm\/wp-json\/wp\/v2\/media?parent=16930"}],"wp:term":[{"taxonomy":"category","embeddable":true,"href":"https:\/\/sertv.gob.pa\/nacionalfm\/wp-json\/wp\/v2\/categories?post=16930"},{"taxonomy":"post_tag","embeddable":true,"href":"https:\/\/sertv.gob.pa\/nacionalfm\/wp-json\/wp\/v2\/tags?post=16930"}],"curies":[{"name":"wp","href":"https:\/\/api.w.org\/{rel}","templated":true}]}}