{"id":16932,"date":"2016-11-14T21:46:40","date_gmt":"2016-11-14T21:46:40","guid":{"rendered":""},"modified":"2016-11-14T21:46:40","modified_gmt":"2016-11-14T21:46:40","slug":"como-puedo-saber-si-sufro-estres-laboral","status":"publish","type":"post","link":"https:\/\/sertv.gob.pa\/nacionalfm\/como-puedo-saber-si-sufro-estres-laboral\/","title":{"rendered":"\u00bfC\u00f3mo puedo saber si sufro estr\u00e9s laboral?"},"content":{"rendered":"<p>\nEl estr\u00e9s laboral es un problema grave pero, como todo, tambi\u00e9n tiene soluci\u00f3n. <\/p>\n<p>Todav\u00eda est\u00e1s a tiempo de dar la vuelta a la situaci\u00f3n, aunque primero conviene indagar en los efectos de este mal para saber a qu\u00e9 tienes que hacer frente exactamente. \u00bfSabes cu\u00e1les son los s\u00edntomas caracter\u00edsticos del estr\u00e9s? <\/p>\n<p>Indicadores f\u00edsicos: aumento de la tensi\u00f3n muscular, cambios en la frecuencia respiratoria, pulso elevado, manos y pies fr\u00edos, boca seca, palmas de las manos \u00absudorosas\u00bb, necesidad de orinar con frecuencia, cambios repentinos en el apetito, ojeras, inquietud y desasosiego, cambio en la sensibilidad y en la respuesta sexual. <\/p>\n<p>Indicadores de los procesos mentales: incapacidad para concentrarse en las tareas, cambios repentinos en la manera de manejar los problemas, tendencia a cometer m\u00e1s errores, aumento de la falta de memoria, publica el portal femenino. <\/p>\n<p>Indicadores emocionales: irritabilidad, ansiedad no espec\u00edfica, aparici\u00f3n de fobias y miedos, risa nerviosa, reacciones defensivas a los comentarios de los dem\u00e1s, depresi\u00f3n. <\/p>\n<p>Indicadores conductuales: cambios s\u00fabitos en las costumbres de trabajo, mayor absentismo, apat\u00eda, incremento de la torpeza. <\/p>\n<p>Todos estos s\u00edntomas se producen por una serie de agentes estresantes, que si logras identificar a tiempo podr\u00e1s afrontar, y que son, entre otros, plazos l\u00edmite, dificultades de comunicaci\u00f3n, clientes hostiles, grandes expectativas, salarios demasiado bajos, problemas de desarrollo en la carrera, aburrimiento, colegas incompetentes, abuso o maltrato verbal. <\/p>\n<p>\u00bfY c\u00f3mo puedo solucionarlo? <\/p>\n<p>Una vez determinado el nivel de estr\u00e9s laboral (con los indicadores anteriores), lo ideal ser\u00eda que tanto el empresario como el trabajador intentaran paliar sus efectos mediante la introducci\u00f3n de medidas, aunque siempre puedes intentarlo por tu cuenta. Tendr\u00e1s que centrar tus esfuerzos en tres \u00e1reas:\u00a0Actitud mental, una buena nutrici\u00f3n, una buena comida y la hidrataci\u00f3n es muy importante.\u00a0 <\/p>\n<p>\u00a0 <\/p>\n","protected":false},"excerpt":{"rendered":"<p>El estr\u00e9s laboral es un problema grave pero, como todo, <a href=\"https:\/\/sertv.gob.pa\/nacionalfm\/como-puedo-saber-si-sufro-estres-laboral\/\"> [&#8230;]<\/a><\/p>\n","protected":false},"author":1,"featured_media":16933,"comment_status":"closed","ping_status":"closed","sticky":false,"template":"","format":"standard","meta":{"footnotes":""},"categories":[5],"tags":[],"class_list":["post-16932","post","type-post","status-publish","format-standard","has-post-thumbnail","hentry","category-salud"],"_links":{"self":[{"href":"https:\/\/sertv.gob.pa\/nacionalfm\/wp-json\/wp\/v2\/posts\/16932","targetHints":{"allow":["GET"]}}],"collection":[{"href":"https:\/\/sertv.gob.pa\/nacionalfm\/wp-json\/wp\/v2\/posts"}],"about":[{"href":"https:\/\/sertv.gob.pa\/nacionalfm\/wp-json\/wp\/v2\/types\/post"}],"author":[{"embeddable":true,"href":"https:\/\/sertv.gob.pa\/nacionalfm\/wp-json\/wp\/v2\/users\/1"}],"replies":[{"embeddable":true,"href":"https:\/\/sertv.gob.pa\/nacionalfm\/wp-json\/wp\/v2\/comments?post=16932"}],"version-history":[{"count":0,"href":"https:\/\/sertv.gob.pa\/nacionalfm\/wp-json\/wp\/v2\/posts\/16932\/revisions"}],"wp:featuredmedia":[{"embeddable":true,"href":"https:\/\/sertv.gob.pa\/nacionalfm\/wp-json\/wp\/v2\/media\/16933"}],"wp:attachment":[{"href":"https:\/\/sertv.gob.pa\/nacionalfm\/wp-json\/wp\/v2\/media?parent=16932"}],"wp:term":[{"taxonomy":"category","embeddable":true,"href":"https:\/\/sertv.gob.pa\/nacionalfm\/wp-json\/wp\/v2\/categories?post=16932"},{"taxonomy":"post_tag","embeddable":true,"href":"https:\/\/sertv.gob.pa\/nacionalfm\/wp-json\/wp\/v2\/tags?post=16932"}],"curies":[{"name":"wp","href":"https:\/\/api.w.org\/{rel}","templated":true}]}}