{"id":16954,"date":"2016-11-15T19:17:01","date_gmt":"2016-11-15T19:17:01","guid":{"rendered":""},"modified":"2016-11-15T19:17:01","modified_gmt":"2016-11-15T19:17:01","slug":"semana-de-la-promocion-de-la-donacion-de-organos","status":"publish","type":"post","link":"https:\/\/sertv.gob.pa\/nacionalfm\/semana-de-la-promocion-de-la-donacion-de-organos\/","title":{"rendered":"Semana de la Promoci\u00f3n de la Donaci\u00f3n de \u00d3rganos"},"content":{"rendered":"<p>\nQue la poblaci\u00f3n adopte una cultura para la donaci\u00f3n de \u00f3rganos es uno de los objetivos de la  Organizaci\u00f3n Paname\u00f1a de Trasplante (OPT) , que desde el pasado domingo y hasta el pr\u00f3ximo viernes celebra la  Semana de la Promoci\u00f3n de la Donaci\u00f3n de \u00d3rgano s. <\/p>\n<p>El director de la organizaci\u00f3n, C\u00e9sar Cuero, explic\u00f3 que en los 4 que han llevado a efecto esta campa\u00f1a lograron que aumentara de 4 a 8 (100%) el n\u00famero de donantes por cada mill\u00f3n de personas; sin embargo, en el mismo periodo igualmente creci\u00f3 el n\u00famero de pacientes que necesita un trasplante. <\/p>\n<p>En ese sentido, precis\u00f3 que en la lista hay 250 personas que esperan un trasplante de ri\u00f1\u00f3n, 8 de h\u00edgado, 2 de coraz\u00f3n y 23 de c\u00e9lulas hematopoy\u00e9ticas. <\/p>\n<p>Adem\u00e1s, se\u00f1al\u00f3 que hay 2 mil pacientes que reciben tratamientos de hemodi\u00e1lisis, de los cuales el 70% lleg\u00f3 a esta condici\u00f3n por enfermedades de diabetes e hipertensi\u00f3n o ambas. <\/p>\n<p>Este porcentaje lo confirm\u00f3 el presidente de la Asociaci\u00f3n Nacional de Pacientes con Insuficiencia Renal Cr\u00f3nica y Familiares (Anpircf), Alexander Pineda. <\/p>\n<p>Pineda indic\u00f3 que como asociaci\u00f3n creen que se est\u00e1n dando los primeros indicios de que el n\u00famero de donantes puede aumentar, pero el \u00e9xito solo se podr\u00e1 alcanzar si existe un compromiso de las autoridades. <\/p>\n<p>&ldquo;El aumento de donantes no significa que las cosas est\u00e9n mejorando&rdquo;, sostuvo Pineda, al tiempo que manifest\u00f3 que se debe establecer una pol\u00edtica de Estado para que la conciencia de donaci\u00f3n &ldquo;cale en la poblaci\u00f3n&rdquo;. <\/p>\n<p>En ese sentido, dijo que debe haber campa\u00f1as permanentes de orientaci\u00f3n, pero no necesariamente masivas, sino en las escuelas, en las universidades, en las instituciones. <\/p>\n<p>Adem\u00e1s, consider\u00f3 que paralelamente a esta promoci\u00f3n se debe trabajar en la prevenci\u00f3n de enfermedades porque la mayor\u00eda de estos pacientes proviene de enfermedades no transmisibles. <\/p>\n<p>\u00a0 <\/p>\n","protected":false},"excerpt":{"rendered":"<p>Que la poblaci\u00f3n adopte una cultura para la donaci\u00f3n de <a href=\"https:\/\/sertv.gob.pa\/nacionalfm\/semana-de-la-promocion-de-la-donacion-de-organos\/\"> [&#8230;]<\/a><\/p>\n","protected":false},"author":1,"featured_media":16955,"comment_status":"closed","ping_status":"closed","sticky":false,"template":"","format":"standard","meta":{"footnotes":""},"categories":[5],"tags":[],"class_list":["post-16954","post","type-post","status-publish","format-standard","has-post-thumbnail","hentry","category-salud"],"_links":{"self":[{"href":"https:\/\/sertv.gob.pa\/nacionalfm\/wp-json\/wp\/v2\/posts\/16954","targetHints":{"allow":["GET"]}}],"collection":[{"href":"https:\/\/sertv.gob.pa\/nacionalfm\/wp-json\/wp\/v2\/posts"}],"about":[{"href":"https:\/\/sertv.gob.pa\/nacionalfm\/wp-json\/wp\/v2\/types\/post"}],"author":[{"embeddable":true,"href":"https:\/\/sertv.gob.pa\/nacionalfm\/wp-json\/wp\/v2\/users\/1"}],"replies":[{"embeddable":true,"href":"https:\/\/sertv.gob.pa\/nacionalfm\/wp-json\/wp\/v2\/comments?post=16954"}],"version-history":[{"count":0,"href":"https:\/\/sertv.gob.pa\/nacionalfm\/wp-json\/wp\/v2\/posts\/16954\/revisions"}],"wp:featuredmedia":[{"embeddable":true,"href":"https:\/\/sertv.gob.pa\/nacionalfm\/wp-json\/wp\/v2\/media\/16955"}],"wp:attachment":[{"href":"https:\/\/sertv.gob.pa\/nacionalfm\/wp-json\/wp\/v2\/media?parent=16954"}],"wp:term":[{"taxonomy":"category","embeddable":true,"href":"https:\/\/sertv.gob.pa\/nacionalfm\/wp-json\/wp\/v2\/categories?post=16954"},{"taxonomy":"post_tag","embeddable":true,"href":"https:\/\/sertv.gob.pa\/nacionalfm\/wp-json\/wp\/v2\/tags?post=16954"}],"curies":[{"name":"wp","href":"https:\/\/api.w.org\/{rel}","templated":true}]}}