{"id":16960,"date":"2016-11-15T19:50:13","date_gmt":"2016-11-15T19:50:13","guid":{"rendered":""},"modified":"2016-11-15T19:50:13","modified_gmt":"2016-11-15T19:50:13","slug":"hoy-en-el-estadio-rommel-fernandez-se-enfrentan-panama-y-mexico","status":"publish","type":"post","link":"https:\/\/sertv.gob.pa\/nacionalfm\/hoy-en-el-estadio-rommel-fernandez-se-enfrentan-panama-y-mexico\/","title":{"rendered":"Hoy en el estadio Rommel  Fern\u00e1ndez se enfrentan Panam\u00e1 y M\u00e9xico"},"content":{"rendered":"<p>\nHoy en el estadio Rommel Fern\u00e1ndez se enfrentan Panam\u00e1 y M\u00e9xico en la segunda fecha de la hexagonal de la Confederaci\u00f3n Norte, Centroam\u00e9rica y el Caribe de F\u00fatbol (CONCACAF), RUMBO AL Mundial de Rusia 2018. <\/p>\n<p>Panam\u00e1 viene de derrotar a Honduras por la m\u00ednima diferencia de 0-1y M\u00e9xico a Estados Unidos 1-2, Panam\u00e1 tratar\u00e1 de evitar que M\u00e9xico se mantenga sin ganar de visita en Panam\u00e1 como ha sucedido en los \u00faltimos 16 a\u00f1os. <\/p>\n<p>Panam\u00e1 y M\u00e9xico necesitan el triunfo para ir consolidando sus aspiraciones de estar en Rusia 2018. <\/p>\n<p>M\u00e9xico no contar\u00e1 este martes con el defensa Carlos Salcedo, el centrocampista Andr\u00e9s Guardado ni el artillero Carlos Vela, por expulsi\u00f3n, lesi\u00f3n y un permiso especial, respectivamente.\u00a0 <\/p>\n<p>\u00a0 <\/p>\n","protected":false},"excerpt":{"rendered":"<p>Hoy en el estadio Rommel Fern\u00e1ndez se enfrentan Panam\u00e1 y <a href=\"https:\/\/sertv.gob.pa\/nacionalfm\/hoy-en-el-estadio-rommel-fernandez-se-enfrentan-panama-y-mexico\/\"> [&#8230;]<\/a><\/p>\n","protected":false},"author":1,"featured_media":16961,"comment_status":"closed","ping_status":"closed","sticky":false,"template":"","format":"standard","meta":{"footnotes":""},"categories":[4],"tags":[],"class_list":["post-16960","post","type-post","status-publish","format-standard","has-post-thumbnail","hentry","category-deportes"],"_links":{"self":[{"href":"https:\/\/sertv.gob.pa\/nacionalfm\/wp-json\/wp\/v2\/posts\/16960","targetHints":{"allow":["GET"]}}],"collection":[{"href":"https:\/\/sertv.gob.pa\/nacionalfm\/wp-json\/wp\/v2\/posts"}],"about":[{"href":"https:\/\/sertv.gob.pa\/nacionalfm\/wp-json\/wp\/v2\/types\/post"}],"author":[{"embeddable":true,"href":"https:\/\/sertv.gob.pa\/nacionalfm\/wp-json\/wp\/v2\/users\/1"}],"replies":[{"embeddable":true,"href":"https:\/\/sertv.gob.pa\/nacionalfm\/wp-json\/wp\/v2\/comments?post=16960"}],"version-history":[{"count":0,"href":"https:\/\/sertv.gob.pa\/nacionalfm\/wp-json\/wp\/v2\/posts\/16960\/revisions"}],"wp:featuredmedia":[{"embeddable":true,"href":"https:\/\/sertv.gob.pa\/nacionalfm\/wp-json\/wp\/v2\/media\/16961"}],"wp:attachment":[{"href":"https:\/\/sertv.gob.pa\/nacionalfm\/wp-json\/wp\/v2\/media?parent=16960"}],"wp:term":[{"taxonomy":"category","embeddable":true,"href":"https:\/\/sertv.gob.pa\/nacionalfm\/wp-json\/wp\/v2\/categories?post=16960"},{"taxonomy":"post_tag","embeddable":true,"href":"https:\/\/sertv.gob.pa\/nacionalfm\/wp-json\/wp\/v2\/tags?post=16960"}],"curies":[{"name":"wp","href":"https:\/\/api.w.org\/{rel}","templated":true}]}}