{"id":16970,"date":"2016-11-16T15:23:21","date_gmt":"2016-11-16T15:23:21","guid":{"rendered":""},"modified":"2016-11-16T15:23:21","modified_gmt":"2016-11-16T15:23:21","slug":"seleccion-de-panama-empata-con-mexico-en-el-hexagonal","status":"publish","type":"post","link":"https:\/\/sertv.gob.pa\/nacionalfm\/seleccion-de-panama-empata-con-mexico-en-el-hexagonal\/","title":{"rendered":"Selecci\u00f3n de Panam\u00e1 empata con M\u00e9xico en el Hexagonal"},"content":{"rendered":"<p>\nPanam\u00e1 empat\u00f3 con la Selecci\u00f3n de M\u00e9xico a 0 gol, partido realizado en el Rommel Fern\u00e1ndez, correspondiente a las eliminatorias que se realizan en la CONCACAF con miras de conseguir un boleto para el Mundial de Rusia 2018. <\/p>\n<p>M\u00e9xico ven\u00eda de vencer a Estados Unidos 2-1, en tanto que Panam\u00e1, con marcador \u00a0de 1-0 venci\u00f3 a Honduras de visita. <\/p>\n<p>16 a\u00f1os han pasado y el &#8216;El Tri&#8217; no ha podido romper su mala racha en Panam\u00e1, donde no ha podido doblegar a La Roja en el Rommel Fern\u00e1ndez. <\/p>\n<p>Este partido fue transmitido por Nacional FM. <\/p>\n<p>\u00a0 <\/p>\n","protected":false},"excerpt":{"rendered":"<p>Panam\u00e1 empat\u00f3 con la Selecci\u00f3n de M\u00e9xico a 0 gol, <a href=\"https:\/\/sertv.gob.pa\/nacionalfm\/seleccion-de-panama-empata-con-mexico-en-el-hexagonal\/\"> [&#8230;]<\/a><\/p>\n","protected":false},"author":1,"featured_media":16971,"comment_status":"closed","ping_status":"closed","sticky":false,"template":"","format":"standard","meta":{"footnotes":""},"categories":[4],"tags":[],"class_list":["post-16970","post","type-post","status-publish","format-standard","has-post-thumbnail","hentry","category-deportes"],"_links":{"self":[{"href":"https:\/\/sertv.gob.pa\/nacionalfm\/wp-json\/wp\/v2\/posts\/16970","targetHints":{"allow":["GET"]}}],"collection":[{"href":"https:\/\/sertv.gob.pa\/nacionalfm\/wp-json\/wp\/v2\/posts"}],"about":[{"href":"https:\/\/sertv.gob.pa\/nacionalfm\/wp-json\/wp\/v2\/types\/post"}],"author":[{"embeddable":true,"href":"https:\/\/sertv.gob.pa\/nacionalfm\/wp-json\/wp\/v2\/users\/1"}],"replies":[{"embeddable":true,"href":"https:\/\/sertv.gob.pa\/nacionalfm\/wp-json\/wp\/v2\/comments?post=16970"}],"version-history":[{"count":0,"href":"https:\/\/sertv.gob.pa\/nacionalfm\/wp-json\/wp\/v2\/posts\/16970\/revisions"}],"wp:featuredmedia":[{"embeddable":true,"href":"https:\/\/sertv.gob.pa\/nacionalfm\/wp-json\/wp\/v2\/media\/16971"}],"wp:attachment":[{"href":"https:\/\/sertv.gob.pa\/nacionalfm\/wp-json\/wp\/v2\/media?parent=16970"}],"wp:term":[{"taxonomy":"category","embeddable":true,"href":"https:\/\/sertv.gob.pa\/nacionalfm\/wp-json\/wp\/v2\/categories?post=16970"},{"taxonomy":"post_tag","embeddable":true,"href":"https:\/\/sertv.gob.pa\/nacionalfm\/wp-json\/wp\/v2\/tags?post=16970"}],"curies":[{"name":"wp","href":"https:\/\/api.w.org\/{rel}","templated":true}]}}