{"id":17000,"date":"2016-11-17T19:18:53","date_gmt":"2016-11-17T19:18:53","guid":{"rendered":""},"modified":"2016-11-17T19:18:53","modified_gmt":"2016-11-17T19:18:53","slug":"que-ocasiona-que-los-dientes-se-pongan-amarillos","status":"publish","type":"post","link":"https:\/\/sertv.gob.pa\/nacionalfm\/que-ocasiona-que-los-dientes-se-pongan-amarillos\/","title":{"rendered":"\u00bfQu\u00e9 ocasiona que los dientes se pongan amarillos?"},"content":{"rendered":"<p>\nCon el paso de los a\u00f1os los dientes se van quedando amarillentos a causa de las manchas extr\u00ednsecas e intr\u00ednsecas que afectan nuestra dentadura. Pero \u00bfSabes cu\u00e1les son los alimentos que incrementan ese color tan molesto para una sonrisa de comercial?\u00a0 <\/p>\n<p>Las manchas extr\u00ednsecas son las que se forman en el esmalte dental. Generalmente se forman por el tipo de alimentaci\u00f3n que llevan las personas. Alimentos como el caf\u00e9, \u00a0te negro, las bebidas de cola, las uvas, el vino y las salsas da\u00f1an el esmalte. Estos alimentos tienen muchos crom\u00f3genos, un pigmento que se queda pegado en los dientes.\u00a0 Igualmente el tabaco contribuye a da\u00f1ar el esmalte. <\/p>\n<p>Las manchas intr\u00ednsecas tienen que ver con las propiedades transmisoras de luz del esmalte dental, que cuando se ve afectado refleja menos, y la dentina que se halla debajo. Algunos f\u00e1rmacos provocan este efecto, especialmente durante la infancia, cuando los dientes a\u00fan no est\u00e1n del todo formados. <\/p>\n<p>Adem\u00e1s de las causas externas, asimismo \u00a0intervienen la gen\u00e9tica y el envejecimiento. Cuanto m\u00e1s fino es, m\u00e1s trasl\u00facido, y por lo tanto el color de la dentina se ver\u00e1 m\u00e1s. Quienes poseen un esmalte dental grueso tienen dientes m\u00e1s blancos. Al envejecer este esmalte tambi\u00e9n se hace m\u00e1s fino, lo que explica que los adultos mayores tengan dientes m\u00e1s amarillos. <\/p>\n<p>\u00a0 <\/p>\n","protected":false},"excerpt":{"rendered":"<p>Con el paso de los a\u00f1os los dientes se van <a href=\"https:\/\/sertv.gob.pa\/nacionalfm\/que-ocasiona-que-los-dientes-se-pongan-amarillos\/\"> [&#8230;]<\/a><\/p>\n","protected":false},"author":1,"featured_media":17001,"comment_status":"closed","ping_status":"closed","sticky":false,"template":"","format":"standard","meta":{"footnotes":""},"categories":[5],"tags":[],"class_list":["post-17000","post","type-post","status-publish","format-standard","has-post-thumbnail","hentry","category-salud"],"_links":{"self":[{"href":"https:\/\/sertv.gob.pa\/nacionalfm\/wp-json\/wp\/v2\/posts\/17000","targetHints":{"allow":["GET"]}}],"collection":[{"href":"https:\/\/sertv.gob.pa\/nacionalfm\/wp-json\/wp\/v2\/posts"}],"about":[{"href":"https:\/\/sertv.gob.pa\/nacionalfm\/wp-json\/wp\/v2\/types\/post"}],"author":[{"embeddable":true,"href":"https:\/\/sertv.gob.pa\/nacionalfm\/wp-json\/wp\/v2\/users\/1"}],"replies":[{"embeddable":true,"href":"https:\/\/sertv.gob.pa\/nacionalfm\/wp-json\/wp\/v2\/comments?post=17000"}],"version-history":[{"count":0,"href":"https:\/\/sertv.gob.pa\/nacionalfm\/wp-json\/wp\/v2\/posts\/17000\/revisions"}],"wp:featuredmedia":[{"embeddable":true,"href":"https:\/\/sertv.gob.pa\/nacionalfm\/wp-json\/wp\/v2\/media\/17001"}],"wp:attachment":[{"href":"https:\/\/sertv.gob.pa\/nacionalfm\/wp-json\/wp\/v2\/media?parent=17000"}],"wp:term":[{"taxonomy":"category","embeddable":true,"href":"https:\/\/sertv.gob.pa\/nacionalfm\/wp-json\/wp\/v2\/categories?post=17000"},{"taxonomy":"post_tag","embeddable":true,"href":"https:\/\/sertv.gob.pa\/nacionalfm\/wp-json\/wp\/v2\/tags?post=17000"}],"curies":[{"name":"wp","href":"https:\/\/api.w.org\/{rel}","templated":true}]}}