{"id":17012,"date":"2016-11-18T14:55:01","date_gmt":"2016-11-18T14:55:01","guid":{"rendered":""},"modified":"2016-11-18T14:55:01","modified_gmt":"2016-11-18T14:55:01","slug":"3-eventos-definen-jornada-deportiva-2016-de-olimpiadas-especiales","status":"publish","type":"post","link":"https:\/\/sertv.gob.pa\/nacionalfm\/3-eventos-definen-jornada-deportiva-2016-de-olimpiadas-especiales\/","title":{"rendered":"3 Eventos definen jornada deportiva 2016 de Olimpiadas Especiales"},"content":{"rendered":"<p>\n Tres importantes eventos definir\u00e1n la recta final de Olimpiadas Especiales Panam\u00e1 en la jornada deportiva 2016, para la participaci\u00f3n de la delegaci\u00f3n en los III Juegos Latinoamericanos 2016 y los nuevos campeones de la reconocida Copa de F\u00fatbol Unificado.  <\/p>\n<p> Del 16 al 20 de noviembre se realizar\u00e1 el Torneo de Voleibol Unificado &ndash; Copa Banco General, ( 16 al 19 ) en el centro de acondicionamiento f\u00edsico de la Autoridad del Canal de Panam\u00e1 en Balboa y (20) en la Academia Interamericana de Panam\u00e1 (AIP) en Costa del Este. En esta competencia se definir\u00e1 cu\u00e1les ser\u00e1n los dos equipos (femenino y masculino) que pasan a la competencia internacional del 2017. De la misma manera en que fueron definidos los equipos de Baloncesto Unificado en el mes de mayo.  <\/p>\n<p> Para el 25 y 26 de septiembre se realizar\u00e1   la Gran Final del Torneo de Futbol Unificado &ndash; Copa Digicel, donde se definir\u00e1 quien ser\u00e1 el campe\u00f3n de la quinta versi\u00f3n de este torneo que ya ha adquirido un importante reconocimiento a nivel nacional.  <\/p>\n<p> \u00a0\u00a0 \u00a0 \u00a0 \u00a0 \u00a0 \u00a0 \u00a0 \u00a0 \u00a0 \u00a0 \u00a0 \u00a0 \u00a0 \u00a0 \u00a0 \u00a0 \u00a0 \u00a0 \u00a0 \u00a0 \u00a0 \u00a0 \u00a0 \u00a0 \u00a0 \u00a0 \u00a0 \u00a0 \u00a0 \u00a0 \u00a0 \u00a0 \u00a0 \u00a0 \u00a0 \u00a0 \u00a0 \u00a0 \u00a0 \u00a0 \u00a0 \u00a0 \u00a0 \u00a0 \u00a0 \u00a0 \u00a0 \u00a0 \u00a0  <\/p>\n","protected":false},"excerpt":{"rendered":"<p>Tres importantes eventos definir\u00e1n la recta final de Olimpiadas Especiales <a href=\"https:\/\/sertv.gob.pa\/nacionalfm\/3-eventos-definen-jornada-deportiva-2016-de-olimpiadas-especiales\/\"> [&#8230;]<\/a><\/p>\n","protected":false},"author":1,"featured_media":17013,"comment_status":"closed","ping_status":"closed","sticky":false,"template":"","format":"standard","meta":{"footnotes":""},"categories":[4],"tags":[],"class_list":["post-17012","post","type-post","status-publish","format-standard","has-post-thumbnail","hentry","category-deportes"],"_links":{"self":[{"href":"https:\/\/sertv.gob.pa\/nacionalfm\/wp-json\/wp\/v2\/posts\/17012","targetHints":{"allow":["GET"]}}],"collection":[{"href":"https:\/\/sertv.gob.pa\/nacionalfm\/wp-json\/wp\/v2\/posts"}],"about":[{"href":"https:\/\/sertv.gob.pa\/nacionalfm\/wp-json\/wp\/v2\/types\/post"}],"author":[{"embeddable":true,"href":"https:\/\/sertv.gob.pa\/nacionalfm\/wp-json\/wp\/v2\/users\/1"}],"replies":[{"embeddable":true,"href":"https:\/\/sertv.gob.pa\/nacionalfm\/wp-json\/wp\/v2\/comments?post=17012"}],"version-history":[{"count":0,"href":"https:\/\/sertv.gob.pa\/nacionalfm\/wp-json\/wp\/v2\/posts\/17012\/revisions"}],"wp:featuredmedia":[{"embeddable":true,"href":"https:\/\/sertv.gob.pa\/nacionalfm\/wp-json\/wp\/v2\/media\/17013"}],"wp:attachment":[{"href":"https:\/\/sertv.gob.pa\/nacionalfm\/wp-json\/wp\/v2\/media?parent=17012"}],"wp:term":[{"taxonomy":"category","embeddable":true,"href":"https:\/\/sertv.gob.pa\/nacionalfm\/wp-json\/wp\/v2\/categories?post=17012"},{"taxonomy":"post_tag","embeddable":true,"href":"https:\/\/sertv.gob.pa\/nacionalfm\/wp-json\/wp\/v2\/tags?post=17012"}],"curies":[{"name":"wp","href":"https:\/\/api.w.org\/{rel}","templated":true}]}}