{"id":17028,"date":"2016-11-18T18:24:18","date_gmt":"2016-11-18T18:24:18","guid":{"rendered":""},"modified":"2016-11-18T18:24:18","modified_gmt":"2016-11-18T18:24:18","slug":"centro-de-lucha-contra-el-cancer-inaugurara-puerto-rico","status":"publish","type":"post","link":"https:\/\/sertv.gob.pa\/nacionalfm\/centro-de-lucha-contra-el-cancer-inaugurara-puerto-rico\/","title":{"rendered":"Centro de lucha contra el c\u00e1ncer inaugurar\u00e1 Puerto Rico"},"content":{"rendered":"<p>\nPuerto Rico inaugurar\u00e1 un centro de investigaci\u00f3n y tratamiento del c\u00e1ncer de  200 millones de d\u00f3lares  con el prop\u00f3sito de ofrecer a pacientes del Hemisferio Occidental una atenci\u00f3n m\u00e1s econ\u00f3mica que la disponible en  Estados Unidos \u00a0continental, anunciaron las autoridades. <\/p>\n<p>Se espera que el centro mejore la lucha contra el c\u00e1ncer, una enfermedad que es la principal causa de muerte en Puerto Rico, que registra tasas desproporcionadas de c\u00e1ncer uterino, colorectal y otros. <\/p>\n<p>El hospital, afiliado a la Universidad de Puerto Rico, fue creado bajo asesoramiento del Centro Oncol\u00f3gico Anderson de la Universidad de Texas. <\/p>\n<p>Recibir\u00e1 a pacientes de Latinoam\u00e9rica y el Caribe, mientras el centro de investigaciones se dedicar\u00e1 a atraer a cient\u00edficos de todo el mundo para la realizaci\u00f3n de experimentos y ensayos cl\u00ednicos a fin de averiguar c\u00f3mo el c\u00e1ncer afecta a la comunidad latina en una tasa mayor, declar\u00f3 el gobernador  Alejandro Garc\u00eda Padilla . <\/p>\n<p>\u00abEl centro representa un antes y un despu\u00e9s en la lucha contra el c\u00e1ncer para toda Latinoam\u00e9rica\u00bb, afirm\u00f3. <\/p>\n<p>Estim\u00f3 que la construcci\u00f3n del centro marca un hito en la historia de la lucha contra el c\u00e1ncer en Latinoam\u00e9rica. <\/p>\n<p>El edificio de 10 niveles y de un \u00e1rea de casi 28.000 metros cuadrados (300.000 pies cuadrados) ser\u00e1 inaugurado en diciembre, m\u00e1s de una d\u00e9cada luego de que fue fundado como una corporaci\u00f3n p\u00fablica. <\/p>\n<p>Tendr\u00e1 96 camas, 26 unidades de quimioterapia, ocho quir\u00f3fanos y una sala de emergencias oncol\u00f3gicas abierta las 24 horas, algo que no exist\u00eda en la isla. Igualmente contar\u00e1 con un centro de escaneo y permitir\u00e1 que funcionarios de salud recaben estad\u00edsticas m\u00e1s detalladas respecto al c\u00e1ncer. <\/p>\n<p>\u00a0 <\/p>\n","protected":false},"excerpt":{"rendered":"<p>Puerto Rico inaugurar\u00e1 un centro de investigaci\u00f3n y tratamiento del <a href=\"https:\/\/sertv.gob.pa\/nacionalfm\/centro-de-lucha-contra-el-cancer-inaugurara-puerto-rico\/\"> [&#8230;]<\/a><\/p>\n","protected":false},"author":1,"featured_media":17029,"comment_status":"closed","ping_status":"closed","sticky":false,"template":"","format":"standard","meta":{"footnotes":""},"categories":[5],"tags":[],"class_list":["post-17028","post","type-post","status-publish","format-standard","has-post-thumbnail","hentry","category-salud"],"_links":{"self":[{"href":"https:\/\/sertv.gob.pa\/nacionalfm\/wp-json\/wp\/v2\/posts\/17028","targetHints":{"allow":["GET"]}}],"collection":[{"href":"https:\/\/sertv.gob.pa\/nacionalfm\/wp-json\/wp\/v2\/posts"}],"about":[{"href":"https:\/\/sertv.gob.pa\/nacionalfm\/wp-json\/wp\/v2\/types\/post"}],"author":[{"embeddable":true,"href":"https:\/\/sertv.gob.pa\/nacionalfm\/wp-json\/wp\/v2\/users\/1"}],"replies":[{"embeddable":true,"href":"https:\/\/sertv.gob.pa\/nacionalfm\/wp-json\/wp\/v2\/comments?post=17028"}],"version-history":[{"count":0,"href":"https:\/\/sertv.gob.pa\/nacionalfm\/wp-json\/wp\/v2\/posts\/17028\/revisions"}],"wp:featuredmedia":[{"embeddable":true,"href":"https:\/\/sertv.gob.pa\/nacionalfm\/wp-json\/wp\/v2\/media\/17029"}],"wp:attachment":[{"href":"https:\/\/sertv.gob.pa\/nacionalfm\/wp-json\/wp\/v2\/media?parent=17028"}],"wp:term":[{"taxonomy":"category","embeddable":true,"href":"https:\/\/sertv.gob.pa\/nacionalfm\/wp-json\/wp\/v2\/categories?post=17028"},{"taxonomy":"post_tag","embeddable":true,"href":"https:\/\/sertv.gob.pa\/nacionalfm\/wp-json\/wp\/v2\/tags?post=17028"}],"curies":[{"name":"wp","href":"https:\/\/api.w.org\/{rel}","templated":true}]}}