{"id":17030,"date":"2016-11-18T18:56:30","date_gmt":"2016-11-18T18:56:30","guid":{"rendered":""},"modified":"2016-11-18T18:56:30","modified_gmt":"2016-11-18T18:56:30","slug":"oms-consigue-financiacion-para-vacunar-contra-la-malaria","status":"publish","type":"post","link":"https:\/\/sertv.gob.pa\/nacionalfm\/oms-consigue-financiacion-para-vacunar-contra-la-malaria\/","title":{"rendered":"OMS consigue financiaci\u00f3n para vacunar contra la malaria"},"content":{"rendered":"<p>\nLa Organizaci\u00f3n Mundial de la Salud (OMS) ha conseguido la financiaci\u00f3n necesaria para poner en marcha en varios pa\u00edses del \u00c1frica subsahariana la fase inicial del primer programa piloto de vacunaci\u00f3n contra la malaria, que iniciar\u00e1 a partir de 2018. <\/p>\n<p>La vacuna, que se conoce como &#8216;RTS,S&#8217;, act\u00faa contra el par\u00e1sito &#8216;P. falciparum&#8217; y los ensayos cl\u00ednicos efectuados previamente han demostrado que consigue una  protecci\u00f3n parcial  contra la malaria en ni\u00f1os peque\u00f1os, seg\u00fan ha recordado este organismo de Naciones Unidas. <\/p>\n<p>El  despliegue piloto  de esta vacuna de primera generaci\u00f3n marca un hito en la lucha contra la malaria\u00bb, ha reconocido el investigador espa\u00f1ol Pedro Alonso, director del Programa Mundial de Malaria de la OMS, que conf\u00eda en que este primer proyecto sirva para obtener informaci\u00f3n sobre si es conveniente ampliar el uso de la vacuna a mayor escala. <\/p>\n<p>La decisi\u00f3n se produce luego de que el Fondo Mundial de Lucha contra el Sida, la Tuberculosis y la Malaria haya aprobado una donaci\u00f3n de  15 millones de d\u00f3lares  (unos 14,1 millones de euros) por parte de Estados Unidos para poner en marcha este programa piloto, lo que garantiza la financiaci\u00f3n necesaria para la primera fase de esta iniciativa. <\/p>\n<p>En octubre del a\u00f1o pasado dos grupos de expertos independientes de la OMS recomendaron la puesta en marcha de un programa piloto en \u00c1frica Subsahariana. La agencia de la ONU estim\u00f3 necesaria la realizaci\u00f3n de estos ensayos pilotos antes de tomar una decisi\u00f3n definitiva sobre el uso generalizado de la vacuna contra la malaria en \u00c1frica. <\/p>\n<p>Los estudios en fase III se realizaron con m\u00e1s de 15.000 lactantes y ni\u00f1os peque\u00f1os de 7 pa\u00edses del \u00c1frica subsahariana (Mozambique, Tanzania, Kenia, Malawi, Ghana, Gabon y Burkina Faso), a los que ahora la OMS dar\u00e1 prioridad para su inclusi\u00f3n en este programa piloto. De momento empezar\u00e1 s\u00f3lo en tres pa\u00edses cuyos nombres se anunciar\u00e1n en las pr\u00f3ximas semanas. <\/p>\n<p>El programa piloto evaluar\u00e1 igualmente la viabilidad de administrar las cuatro dosis que requiere la vacuna y analizar\u00e1 el impacto en t\u00e9rminos de vidas salvadas, su seguridad y si el efecto protector que ha demostrado en ni\u00f1os de 5 a 17 meses puede extrapolarse a la vida real. <\/p>\n<p>Como la vacuna \u00fanicamente ha demostrado ser parcialmente eficaz, la OMS recuerda la necesidad de que todos los pacientes vacunados con fiebre se sometan a  una prueba para detectar la malaria  y, en caso de estar afectados, puedan ser tratados con f\u00e1rmacos antipal\u00fadicos. <\/p>\n<p>Asimismo, recuerda que su uso forma parte de una estrategia conjunto con otras <\/p>\n","protected":false},"excerpt":{"rendered":"<p>La Organizaci\u00f3n Mundial de la Salud (OMS) ha conseguido la <a href=\"https:\/\/sertv.gob.pa\/nacionalfm\/oms-consigue-financiacion-para-vacunar-contra-la-malaria\/\"> [&#8230;]<\/a><\/p>\n","protected":false},"author":1,"featured_media":17031,"comment_status":"closed","ping_status":"closed","sticky":false,"template":"","format":"standard","meta":{"footnotes":""},"categories":[5],"tags":[],"class_list":["post-17030","post","type-post","status-publish","format-standard","has-post-thumbnail","hentry","category-salud"],"_links":{"self":[{"href":"https:\/\/sertv.gob.pa\/nacionalfm\/wp-json\/wp\/v2\/posts\/17030","targetHints":{"allow":["GET"]}}],"collection":[{"href":"https:\/\/sertv.gob.pa\/nacionalfm\/wp-json\/wp\/v2\/posts"}],"about":[{"href":"https:\/\/sertv.gob.pa\/nacionalfm\/wp-json\/wp\/v2\/types\/post"}],"author":[{"embeddable":true,"href":"https:\/\/sertv.gob.pa\/nacionalfm\/wp-json\/wp\/v2\/users\/1"}],"replies":[{"embeddable":true,"href":"https:\/\/sertv.gob.pa\/nacionalfm\/wp-json\/wp\/v2\/comments?post=17030"}],"version-history":[{"count":0,"href":"https:\/\/sertv.gob.pa\/nacionalfm\/wp-json\/wp\/v2\/posts\/17030\/revisions"}],"wp:featuredmedia":[{"embeddable":true,"href":"https:\/\/sertv.gob.pa\/nacionalfm\/wp-json\/wp\/v2\/media\/17031"}],"wp:attachment":[{"href":"https:\/\/sertv.gob.pa\/nacionalfm\/wp-json\/wp\/v2\/media?parent=17030"}],"wp:term":[{"taxonomy":"category","embeddable":true,"href":"https:\/\/sertv.gob.pa\/nacionalfm\/wp-json\/wp\/v2\/categories?post=17030"},{"taxonomy":"post_tag","embeddable":true,"href":"https:\/\/sertv.gob.pa\/nacionalfm\/wp-json\/wp\/v2\/tags?post=17030"}],"curies":[{"name":"wp","href":"https:\/\/api.w.org\/{rel}","templated":true}]}}