{"id":17050,"date":"2016-11-21T15:55:44","date_gmt":"2016-11-21T15:55:44","guid":{"rendered":""},"modified":"2016-11-21T15:55:44","modified_gmt":"2016-11-21T15:55:44","slug":"panama-con-plata-al-perder-en-sub-14-de-beisbol-ante-mexico","status":"publish","type":"post","link":"https:\/\/sertv.gob.pa\/nacionalfm\/panama-con-plata-al-perder-en-sub-14-de-beisbol-ante-mexico\/","title":{"rendered":"Panam\u00e1 con plata al perder en Sub-14 de B\u00e9isbol ante M\u00e9xico"},"content":{"rendered":"<p>\nPanam\u00e1 perdi\u00f3 9-2 ante M\u00e9xico en la final del Torneo Panamericano Sub-14, con un mejor pitcheo de los mexicanos. <\/p>\n<p>Una de las figuras a destacar por Panam\u00e1 fue el jardinero Robert Hendricks, un muchacho de mucha fuerza que peg\u00f3 tres jonrones en un partido en el Panamericano Sub-14 y peg\u00f3 9 hits consecutivos en 10 turnos y lleg\u00f3 a base en 10 veces corridas, para fijar una marca en los torneos panamericanos. <\/p>\n<p>Panam\u00e1 cierra el tel\u00f3n del 2016 con una medalla de plata, tuvo dos cuartos lugares en mundiales, gana el torneo Panamericano Sub-16 en Panam\u00e1 y se clasifica al Mundial sub-18 del pr\u00f3ximo a\u00f1o. <\/p>\n<p>Con esta buena participaci\u00f3n en el torneo sub-14, Panam\u00e1 cierra su participaci\u00f3n en el a\u00f1o, donde hizo un gran trabajo en diferentes categor\u00edas. <\/p>\n<p>\u00a0 <\/p>\n","protected":false},"excerpt":{"rendered":"<p>Panam\u00e1 perdi\u00f3 9-2 ante M\u00e9xico en la final del Torneo <a href=\"https:\/\/sertv.gob.pa\/nacionalfm\/panama-con-plata-al-perder-en-sub-14-de-beisbol-ante-mexico\/\"> [&#8230;]<\/a><\/p>\n","protected":false},"author":1,"featured_media":17051,"comment_status":"closed","ping_status":"closed","sticky":false,"template":"","format":"standard","meta":{"footnotes":""},"categories":[4],"tags":[],"class_list":["post-17050","post","type-post","status-publish","format-standard","has-post-thumbnail","hentry","category-deportes"],"_links":{"self":[{"href":"https:\/\/sertv.gob.pa\/nacionalfm\/wp-json\/wp\/v2\/posts\/17050","targetHints":{"allow":["GET"]}}],"collection":[{"href":"https:\/\/sertv.gob.pa\/nacionalfm\/wp-json\/wp\/v2\/posts"}],"about":[{"href":"https:\/\/sertv.gob.pa\/nacionalfm\/wp-json\/wp\/v2\/types\/post"}],"author":[{"embeddable":true,"href":"https:\/\/sertv.gob.pa\/nacionalfm\/wp-json\/wp\/v2\/users\/1"}],"replies":[{"embeddable":true,"href":"https:\/\/sertv.gob.pa\/nacionalfm\/wp-json\/wp\/v2\/comments?post=17050"}],"version-history":[{"count":0,"href":"https:\/\/sertv.gob.pa\/nacionalfm\/wp-json\/wp\/v2\/posts\/17050\/revisions"}],"wp:featuredmedia":[{"embeddable":true,"href":"https:\/\/sertv.gob.pa\/nacionalfm\/wp-json\/wp\/v2\/media\/17051"}],"wp:attachment":[{"href":"https:\/\/sertv.gob.pa\/nacionalfm\/wp-json\/wp\/v2\/media?parent=17050"}],"wp:term":[{"taxonomy":"category","embeddable":true,"href":"https:\/\/sertv.gob.pa\/nacionalfm\/wp-json\/wp\/v2\/categories?post=17050"},{"taxonomy":"post_tag","embeddable":true,"href":"https:\/\/sertv.gob.pa\/nacionalfm\/wp-json\/wp\/v2\/tags?post=17050"}],"curies":[{"name":"wp","href":"https:\/\/api.w.org\/{rel}","templated":true}]}}