{"id":17064,"date":"2016-11-21T18:59:58","date_gmt":"2016-11-21T18:59:58","guid":{"rendered":""},"modified":"2016-11-21T18:59:58","modified_gmt":"2016-11-21T18:59:58","slug":"en-2015-casi-7-500-mujeres-jovenes-contrajeron-el-vih","status":"publish","type":"post","link":"https:\/\/sertv.gob.pa\/nacionalfm\/en-2015-casi-7-500-mujeres-jovenes-contrajeron-el-vih\/","title":{"rendered":"En 2015 casi 7,500 mujeres j\u00f3venes contrajeron el VIH"},"content":{"rendered":"<p>\nAlrededor de 7.500 mujeres j\u00f3venes contrajeron el VIH cada semana durante 2015, lo que les convierte en el grupo m\u00e1s vulnerable frente al sida, especialmente en \u00c1frica Subsahariana, una de las regiones m\u00e1s afectadas por la epidemia. <\/p>\n<p>\u00abEl mundo est\u00e1 fallando a las mujeres j\u00f3venes, necesitamos hacer m\u00e1s y de manera urgente\u00bb, reconoci\u00f3 el director ejecutivo de la agencia de Naciones Unidas contra el Sida (ONUSIDA), Michel Sidib\u00e9, en la presentaci\u00f3n en Windhoek, la capital de Namibia, del \u00faltimo informe sobre una enfermedad que afecta a 36,7 millones de personas en todo el planeta. <\/p>\n<p>Para las mujeres de entre 15 y 24 a\u00f1os, el riesgo de contraer el sida es \u00abincre\u00edblemente peligroso\u00bb, y entre 2010 y 2015 \u00fanicamente se logr\u00f3 disminuir el n\u00famero de contagios en un 6 %, lo que supone un fracaso en la lucha contra la epidemia, conforme al dossier divulgado a tan solo diez d\u00edas de que se conmemore el D\u00eda Mundial de Lucha contra el Sida. <\/p>\n<p>En palabras de Sidib\u00e9, las mujeres se enfrentan a una \u00abamenaza triple\u00bb, debido a que est\u00e1n expuestas a un alto riesgo de contagio y no siguen el tratamiento. <\/p>\n<p>Las desigualdades de g\u00e9nero, el acceso insuficiente a los servicios de salud sexual y reproductiva, la pobreza, la inseguridad alimentaria y la violencia son algunos de los factores que incrementan su vulnerabilidad. <\/p>\n<p>\u00a0 <\/p>\n","protected":false},"excerpt":{"rendered":"<p>Alrededor de 7.500 mujeres j\u00f3venes contrajeron el VIH cada semana <a href=\"https:\/\/sertv.gob.pa\/nacionalfm\/en-2015-casi-7-500-mujeres-jovenes-contrajeron-el-vih\/\"> [&#8230;]<\/a><\/p>\n","protected":false},"author":1,"featured_media":17065,"comment_status":"closed","ping_status":"closed","sticky":false,"template":"","format":"standard","meta":{"footnotes":""},"categories":[5],"tags":[],"class_list":["post-17064","post","type-post","status-publish","format-standard","has-post-thumbnail","hentry","category-salud"],"_links":{"self":[{"href":"https:\/\/sertv.gob.pa\/nacionalfm\/wp-json\/wp\/v2\/posts\/17064","targetHints":{"allow":["GET"]}}],"collection":[{"href":"https:\/\/sertv.gob.pa\/nacionalfm\/wp-json\/wp\/v2\/posts"}],"about":[{"href":"https:\/\/sertv.gob.pa\/nacionalfm\/wp-json\/wp\/v2\/types\/post"}],"author":[{"embeddable":true,"href":"https:\/\/sertv.gob.pa\/nacionalfm\/wp-json\/wp\/v2\/users\/1"}],"replies":[{"embeddable":true,"href":"https:\/\/sertv.gob.pa\/nacionalfm\/wp-json\/wp\/v2\/comments?post=17064"}],"version-history":[{"count":0,"href":"https:\/\/sertv.gob.pa\/nacionalfm\/wp-json\/wp\/v2\/posts\/17064\/revisions"}],"wp:featuredmedia":[{"embeddable":true,"href":"https:\/\/sertv.gob.pa\/nacionalfm\/wp-json\/wp\/v2\/media\/17065"}],"wp:attachment":[{"href":"https:\/\/sertv.gob.pa\/nacionalfm\/wp-json\/wp\/v2\/media?parent=17064"}],"wp:term":[{"taxonomy":"category","embeddable":true,"href":"https:\/\/sertv.gob.pa\/nacionalfm\/wp-json\/wp\/v2\/categories?post=17064"},{"taxonomy":"post_tag","embeddable":true,"href":"https:\/\/sertv.gob.pa\/nacionalfm\/wp-json\/wp\/v2\/tags?post=17064"}],"curies":[{"name":"wp","href":"https:\/\/api.w.org\/{rel}","templated":true}]}}