{"id":17066,"date":"2016-11-21T19:20:14","date_gmt":"2016-11-21T19:20:14","guid":{"rendered":""},"modified":"2016-11-21T19:20:14","modified_gmt":"2016-11-21T19:20:14","slug":"en-costa-rica-ya-se-vende-vacuna-contra-dengue","status":"publish","type":"post","link":"https:\/\/sertv.gob.pa\/nacionalfm\/en-costa-rica-ya-se-vende-vacuna-contra-dengue\/","title":{"rendered":"En Costa Rica ya se vende vacuna contra dengue"},"content":{"rendered":"<p>\nEl Ministerio de Salud de Costa Rica advirti\u00f3 que la vacuna contra el dengue que se ha empezado a vender en el pa\u00eds requiere de receta m\u00e9dica porque existen contraindicaciones. <\/p>\n<p>\u00abEl Ministerio de Salud aclara a la poblaci\u00f3n, que todo tipo de vacunas requieren receta m\u00e9dica. Lo cual tambi\u00e9n aplica para la vacuna contra el dengue que ya se halla disponible en farmacias privadas del pa\u00eds\u00bb, se\u00f1ala un comunicado oficial. <\/p>\n<p>La entidad explic\u00f3 que \u00abdebido a que existen contraindicaciones absolutas y relativas para la vacunaci\u00f3n es que se hace necesario que toda persona que quiera vacunarse, sea valorada de previo por un m\u00e9dico para que le indique la vacunaci\u00f3n\u00bb. <\/p>\n<p>Se trata de la vacuna Dengvaxia, desarrollada por la farmac\u00e9utica francesa Sanofi Pasteur, la cual no se puede aplicar en ni\u00f1os menores de 9 a\u00f1os, personas mayores de 45, mujeres embarazadas o en periodo de lactancia, personas que reciben quimioterapia, que presentan cuadros febriles o las al\u00e9rgicas a alg\u00fan componente de la vacuna. <\/p>\n<p>Seg\u00fan la casa farmac\u00e9utica, la vacuna es capaz de prevenir dos de cada tres casos de dengue, ocho de cada 10 hospitalizaciones y nueve de cada 10 casos graves de dengue hemorr\u00e1gico. <\/p>\n<p>La vacuna est\u00e1 aprobada por el Ministerio de Salud de Costa Rica, pero todav\u00eda \u00a0no se aplica en el sistema p\u00fablico debido a que est\u00e1 en curso un proceso de estudio sobre sus costos y efectividad. <\/p>\n<p>\u00a0 <\/p>\n<p>\u00a0 <\/p>\n","protected":false},"excerpt":{"rendered":"<p>El Ministerio de Salud de Costa Rica advirti\u00f3 que la <a href=\"https:\/\/sertv.gob.pa\/nacionalfm\/en-costa-rica-ya-se-vende-vacuna-contra-dengue\/\"> [&#8230;]<\/a><\/p>\n","protected":false},"author":1,"featured_media":17067,"comment_status":"closed","ping_status":"closed","sticky":false,"template":"","format":"standard","meta":{"footnotes":""},"categories":[5],"tags":[],"class_list":["post-17066","post","type-post","status-publish","format-standard","has-post-thumbnail","hentry","category-salud"],"_links":{"self":[{"href":"https:\/\/sertv.gob.pa\/nacionalfm\/wp-json\/wp\/v2\/posts\/17066","targetHints":{"allow":["GET"]}}],"collection":[{"href":"https:\/\/sertv.gob.pa\/nacionalfm\/wp-json\/wp\/v2\/posts"}],"about":[{"href":"https:\/\/sertv.gob.pa\/nacionalfm\/wp-json\/wp\/v2\/types\/post"}],"author":[{"embeddable":true,"href":"https:\/\/sertv.gob.pa\/nacionalfm\/wp-json\/wp\/v2\/users\/1"}],"replies":[{"embeddable":true,"href":"https:\/\/sertv.gob.pa\/nacionalfm\/wp-json\/wp\/v2\/comments?post=17066"}],"version-history":[{"count":0,"href":"https:\/\/sertv.gob.pa\/nacionalfm\/wp-json\/wp\/v2\/posts\/17066\/revisions"}],"wp:featuredmedia":[{"embeddable":true,"href":"https:\/\/sertv.gob.pa\/nacionalfm\/wp-json\/wp\/v2\/media\/17067"}],"wp:attachment":[{"href":"https:\/\/sertv.gob.pa\/nacionalfm\/wp-json\/wp\/v2\/media?parent=17066"}],"wp:term":[{"taxonomy":"category","embeddable":true,"href":"https:\/\/sertv.gob.pa\/nacionalfm\/wp-json\/wp\/v2\/categories?post=17066"},{"taxonomy":"post_tag","embeddable":true,"href":"https:\/\/sertv.gob.pa\/nacionalfm\/wp-json\/wp\/v2\/tags?post=17066"}],"curies":[{"name":"wp","href":"https:\/\/api.w.org\/{rel}","templated":true}]}}