{"id":17087,"date":"2016-11-22T19:06:12","date_gmt":"2016-11-22T19:06:12","guid":{"rendered":""},"modified":"2016-11-22T19:06:12","modified_gmt":"2016-11-22T19:06:12","slug":"el-zika-no-constituye-ya-una-emergencia-sanitaria-internacional","status":"publish","type":"post","link":"https:\/\/sertv.gob.pa\/nacionalfm\/el-zika-no-constituye-ya-una-emergencia-sanitaria-internacional\/","title":{"rendered":"El zika no constituye ya una emergencia sanitaria internacional"},"content":{"rendered":"<p>\nLa epidemia del virus del\u00a0Zika, que en un a\u00f1o ha afectado a m\u00e1s de 75 pa\u00edses, ha dejado de constituir una emergencia sanitaria de alcance internacional, anunci\u00f3 el presidente del Comit\u00e9 de Emergencias de la Organizaci\u00f3n Mundial de la Salud (OMS), David Heymann. <\/p>\n<p>El Comit\u00e9 de Emergencias de la OMS se reuni\u00f3 \u00a0por quinta vez para evaluar el avance de la epidemia y decidi\u00f3 que, a pesar \u00a0de su continua expansi\u00f3n geogr\u00e1fica y de las lagunas sobre sus efectos neurol\u00f3gicos, la epidemia ya no constituye una emergencia sanitaria. <\/p>\n<p>El Comit\u00e9 asumi\u00f3, sin embargo, que la epidemia todav\u00eda \u00a0es \u00abuna prioridad\u00bb para la entidad y un problema sanitario mayor \u00aba largo plazo\u00bb. <\/p>\n<p>La emergencia fue declarada el pasado 1 de febrero luego de comprobarse un extraordinario incremento de los casos de microcefalia en beb\u00e9s relacionados con la infecci\u00f3n con el virus del\u00a0Zika. <\/p>\n<p>\u00abLa emergencia sanitaria de alcance internacional fue declarada al darnos cuenta de un extraordinario y no explicado aumento de los casos de microcefalia. No se declar\u00f3 para detener la expansi\u00f3n de la infecci\u00f3n, como en el caso del \u00e9bola, sino para hacer todo lo posible para entender los casos de microcefalia\u00bb, explic\u00f3 Heymann en una teleconferencia tras la reuni\u00f3n del Comit\u00e9. <\/p>\n<p>El presidente del Comit\u00e9 explic\u00f3, adem\u00e1s, que otro de los objetivos de la declaraci\u00f3n de emergencia era establecer recomendaciones para evitar el contagio y esto se cumpli\u00f3, \u00abcon lo que logramos el objetivo\u00bb. <\/p>\n<p>\u00a0 <\/p>\n","protected":false},"excerpt":{"rendered":"<p>La epidemia del virus del\u00a0Zika, que en un a\u00f1o ha <a href=\"https:\/\/sertv.gob.pa\/nacionalfm\/el-zika-no-constituye-ya-una-emergencia-sanitaria-internacional\/\"> [&#8230;]<\/a><\/p>\n","protected":false},"author":1,"featured_media":17088,"comment_status":"closed","ping_status":"closed","sticky":false,"template":"","format":"standard","meta":{"footnotes":""},"categories":[5],"tags":[],"class_list":["post-17087","post","type-post","status-publish","format-standard","has-post-thumbnail","hentry","category-salud"],"_links":{"self":[{"href":"https:\/\/sertv.gob.pa\/nacionalfm\/wp-json\/wp\/v2\/posts\/17087","targetHints":{"allow":["GET"]}}],"collection":[{"href":"https:\/\/sertv.gob.pa\/nacionalfm\/wp-json\/wp\/v2\/posts"}],"about":[{"href":"https:\/\/sertv.gob.pa\/nacionalfm\/wp-json\/wp\/v2\/types\/post"}],"author":[{"embeddable":true,"href":"https:\/\/sertv.gob.pa\/nacionalfm\/wp-json\/wp\/v2\/users\/1"}],"replies":[{"embeddable":true,"href":"https:\/\/sertv.gob.pa\/nacionalfm\/wp-json\/wp\/v2\/comments?post=17087"}],"version-history":[{"count":0,"href":"https:\/\/sertv.gob.pa\/nacionalfm\/wp-json\/wp\/v2\/posts\/17087\/revisions"}],"wp:featuredmedia":[{"embeddable":true,"href":"https:\/\/sertv.gob.pa\/nacionalfm\/wp-json\/wp\/v2\/media\/17088"}],"wp:attachment":[{"href":"https:\/\/sertv.gob.pa\/nacionalfm\/wp-json\/wp\/v2\/media?parent=17087"}],"wp:term":[{"taxonomy":"category","embeddable":true,"href":"https:\/\/sertv.gob.pa\/nacionalfm\/wp-json\/wp\/v2\/categories?post=17087"},{"taxonomy":"post_tag","embeddable":true,"href":"https:\/\/sertv.gob.pa\/nacionalfm\/wp-json\/wp\/v2\/tags?post=17087"}],"curies":[{"name":"wp","href":"https:\/\/api.w.org\/{rel}","templated":true}]}}