{"id":17093,"date":"2016-11-22T20:07:08","date_gmt":"2016-11-22T20:07:08","guid":{"rendered":""},"modified":"2016-11-22T20:07:08","modified_gmt":"2016-11-22T20:07:08","slug":"pandeportes-cierra-instalaciones-y-actividades-deportivas","status":"publish","type":"post","link":"https:\/\/sertv.gob.pa\/nacionalfm\/pandeportes-cierra-instalaciones-y-actividades-deportivas\/","title":{"rendered":"PANDEPORTES cierra instalaciones y actividades deportivas"},"content":{"rendered":"<p>\nEl Instituto Paname\u00f1o de Deportes envi\u00f3 un comunicado informando que a partir del momento todas las instalaciones deportivas a nivel nacional bajo su administraci\u00f3n quedan cerradas al p\u00fablico por motivos de seguridad debido a la situaci\u00f3n climatol\u00f3gica que se presenta en el pa\u00eds, por lo tanto queda prohibida toda actividad deportiva, recreativa y de hospedaje en las mismas hasta segundo aviso. <\/p>\n<p>Se hace un llamado a los atletas, entrenadores, usuarios en general mantenerse informados y acatar las directrices que emanen de los entes de seguridad del Estado que est\u00e1 velando por el bien com\u00fan de todos los ciudadanos. <\/p>\n<p>PANDEPORTES se suma as\u00ed al llamado del Centro de Operaciones de Emergencia que indica extremar las medidas de seguridad y mantener la calma. <\/p>\n<p>\u00a0 <\/p>\n","protected":false},"excerpt":{"rendered":"<p>El Instituto Paname\u00f1o de Deportes envi\u00f3 un comunicado informando que <a href=\"https:\/\/sertv.gob.pa\/nacionalfm\/pandeportes-cierra-instalaciones-y-actividades-deportivas\/\"> [&#8230;]<\/a><\/p>\n","protected":false},"author":1,"featured_media":17094,"comment_status":"closed","ping_status":"closed","sticky":false,"template":"","format":"standard","meta":{"footnotes":""},"categories":[4],"tags":[],"class_list":["post-17093","post","type-post","status-publish","format-standard","has-post-thumbnail","hentry","category-deportes"],"_links":{"self":[{"href":"https:\/\/sertv.gob.pa\/nacionalfm\/wp-json\/wp\/v2\/posts\/17093","targetHints":{"allow":["GET"]}}],"collection":[{"href":"https:\/\/sertv.gob.pa\/nacionalfm\/wp-json\/wp\/v2\/posts"}],"about":[{"href":"https:\/\/sertv.gob.pa\/nacionalfm\/wp-json\/wp\/v2\/types\/post"}],"author":[{"embeddable":true,"href":"https:\/\/sertv.gob.pa\/nacionalfm\/wp-json\/wp\/v2\/users\/1"}],"replies":[{"embeddable":true,"href":"https:\/\/sertv.gob.pa\/nacionalfm\/wp-json\/wp\/v2\/comments?post=17093"}],"version-history":[{"count":0,"href":"https:\/\/sertv.gob.pa\/nacionalfm\/wp-json\/wp\/v2\/posts\/17093\/revisions"}],"wp:featuredmedia":[{"embeddable":true,"href":"https:\/\/sertv.gob.pa\/nacionalfm\/wp-json\/wp\/v2\/media\/17094"}],"wp:attachment":[{"href":"https:\/\/sertv.gob.pa\/nacionalfm\/wp-json\/wp\/v2\/media?parent=17093"}],"wp:term":[{"taxonomy":"category","embeddable":true,"href":"https:\/\/sertv.gob.pa\/nacionalfm\/wp-json\/wp\/v2\/categories?post=17093"},{"taxonomy":"post_tag","embeddable":true,"href":"https:\/\/sertv.gob.pa\/nacionalfm\/wp-json\/wp\/v2\/tags?post=17093"}],"curies":[{"name":"wp","href":"https:\/\/api.w.org\/{rel}","templated":true}]}}