{"id":17103,"date":"2016-11-23T15:23:52","date_gmt":"2016-11-23T15:23:52","guid":{"rendered":""},"modified":"2016-11-23T15:23:52","modified_gmt":"2016-11-23T15:23:52","slug":"costa-rica-domina-torneo-de-judo-darlen-puga","status":"publish","type":"post","link":"https:\/\/sertv.gob.pa\/nacionalfm\/costa-rica-domina-torneo-de-judo-darlen-puga\/","title":{"rendered":"Costa Rica domina Torneo de Judo \u201cDarlen Puga\u201d"},"content":{"rendered":"<p>\nCosta Rica sum\u00f3 10 medallas de oro, 13 de plata y 11 de bronce, con lo cual alcanz\u00f3 el primer lugar del medallero y domin\u00f3 el Torneo Internacional de Judo &ldquo;Darlen Puga&rdquo; In Memoria, que se llev\u00f3 a cabo el pasado fin de semana en la Arena Roberto Dur\u00e1n. <\/p>\n<p>Los clubes paname\u00f1os Yama-Arashi con 6-3-3, e Inokuma con 4-5-4 ocuparon el segundo y tercer lugar respectivamente. <\/p>\n<p>Este torneo se disput\u00f3 en las categor\u00edas pre-infantil, infantil, cadete, juvenil y mayor, donde participaron 220 judokas y fue organizado por la Federaci\u00f3n Unida de Judo de Panam\u00e1 (FEUJUPA). <\/p>\n<p>Para la presidenta de la Federaci\u00f3n Paname\u00f1a de Judo, Estela Riley, el nivel ha sido muy bueno, pues existe un buen semillero que viene creciendo en un proceso de mejorar las t\u00e9cnicas y el estado f\u00edsico de los chicos para as\u00ed afrontar con mejores opciones estos tipos de campeonatos internacionales. <\/p>\n<p>&ldquo;Costa Rica ha venido como selecci\u00f3n a este torneo y es por eso, que se ha visto la superioridad\u00a0 en el medallero mientras que Panam\u00e1 est\u00e1 participando con clubes para as\u00ed darle mayor participaci\u00f3n a nuestros atletas&rdquo;, resalt\u00f3 Riley. <\/p>\n<p>\u00a0 <\/p>\n","protected":false},"excerpt":{"rendered":"<p>Costa Rica sum\u00f3 10 medallas de oro, 13 de plata <a href=\"https:\/\/sertv.gob.pa\/nacionalfm\/costa-rica-domina-torneo-de-judo-darlen-puga\/\"> [&#8230;]<\/a><\/p>\n","protected":false},"author":1,"featured_media":17104,"comment_status":"closed","ping_status":"closed","sticky":false,"template":"","format":"standard","meta":{"footnotes":""},"categories":[4],"tags":[],"class_list":["post-17103","post","type-post","status-publish","format-standard","has-post-thumbnail","hentry","category-deportes"],"_links":{"self":[{"href":"https:\/\/sertv.gob.pa\/nacionalfm\/wp-json\/wp\/v2\/posts\/17103","targetHints":{"allow":["GET"]}}],"collection":[{"href":"https:\/\/sertv.gob.pa\/nacionalfm\/wp-json\/wp\/v2\/posts"}],"about":[{"href":"https:\/\/sertv.gob.pa\/nacionalfm\/wp-json\/wp\/v2\/types\/post"}],"author":[{"embeddable":true,"href":"https:\/\/sertv.gob.pa\/nacionalfm\/wp-json\/wp\/v2\/users\/1"}],"replies":[{"embeddable":true,"href":"https:\/\/sertv.gob.pa\/nacionalfm\/wp-json\/wp\/v2\/comments?post=17103"}],"version-history":[{"count":0,"href":"https:\/\/sertv.gob.pa\/nacionalfm\/wp-json\/wp\/v2\/posts\/17103\/revisions"}],"wp:featuredmedia":[{"embeddable":true,"href":"https:\/\/sertv.gob.pa\/nacionalfm\/wp-json\/wp\/v2\/media\/17104"}],"wp:attachment":[{"href":"https:\/\/sertv.gob.pa\/nacionalfm\/wp-json\/wp\/v2\/media?parent=17103"}],"wp:term":[{"taxonomy":"category","embeddable":true,"href":"https:\/\/sertv.gob.pa\/nacionalfm\/wp-json\/wp\/v2\/categories?post=17103"},{"taxonomy":"post_tag","embeddable":true,"href":"https:\/\/sertv.gob.pa\/nacionalfm\/wp-json\/wp\/v2\/tags?post=17103"}],"curies":[{"name":"wp","href":"https:\/\/api.w.org\/{rel}","templated":true}]}}