{"id":17115,"date":"2016-11-23T17:17:16","date_gmt":"2016-11-23T17:17:16","guid":{"rendered":""},"modified":"2016-11-23T17:17:16","modified_gmt":"2016-11-23T17:17:16","slug":"caballos-de-cocle-en-grupo-b-de-directv-de-baloncesto","status":"publish","type":"post","link":"https:\/\/sertv.gob.pa\/nacionalfm\/caballos-de-cocle-en-grupo-b-de-directv-de-baloncesto\/","title":{"rendered":"Caballos de Cocl\u00e9 en Grupo B de DIRECTV de Baloncesto"},"content":{"rendered":"<p>\nLos Caballos de Cocl\u00e9, campeones de la Liga Profesional de Baloncesto 2016, fueron ubicados en el Grupo B, de la DIRECTV Liga de las Am\u00e9ricas, luego de confirmaci\u00f3n de la Federaci\u00f3n Internacional de Baloncesto <\/p>\n<p>El torneo inicia el 20 de enero 2017, \u00a0en Mexicali, M\u00e9xico y el itinerario del Grupo B en el cual participan Los Caballos de Cocl\u00e9 representativos de Panam\u00e1 es de los d\u00edas 27 y 29 de enero con sede en Monterrey, M\u00e9xico. <\/p>\n<p>Los Caballos se enfrentar\u00e1n a Fuerza Regia de M\u00e9xico, Guaros de Lara de Venezuela y Leones de Quilpu\u00e9 de Chile. <\/p>\n<p>\u00a0 <\/p>\n","protected":false},"excerpt":{"rendered":"<p>Los Caballos de Cocl\u00e9, campeones de la Liga Profesional de <a href=\"https:\/\/sertv.gob.pa\/nacionalfm\/caballos-de-cocle-en-grupo-b-de-directv-de-baloncesto\/\"> [&#8230;]<\/a><\/p>\n","protected":false},"author":1,"featured_media":17116,"comment_status":"closed","ping_status":"closed","sticky":false,"template":"","format":"standard","meta":{"footnotes":""},"categories":[4],"tags":[],"class_list":["post-17115","post","type-post","status-publish","format-standard","has-post-thumbnail","hentry","category-deportes"],"_links":{"self":[{"href":"https:\/\/sertv.gob.pa\/nacionalfm\/wp-json\/wp\/v2\/posts\/17115","targetHints":{"allow":["GET"]}}],"collection":[{"href":"https:\/\/sertv.gob.pa\/nacionalfm\/wp-json\/wp\/v2\/posts"}],"about":[{"href":"https:\/\/sertv.gob.pa\/nacionalfm\/wp-json\/wp\/v2\/types\/post"}],"author":[{"embeddable":true,"href":"https:\/\/sertv.gob.pa\/nacionalfm\/wp-json\/wp\/v2\/users\/1"}],"replies":[{"embeddable":true,"href":"https:\/\/sertv.gob.pa\/nacionalfm\/wp-json\/wp\/v2\/comments?post=17115"}],"version-history":[{"count":0,"href":"https:\/\/sertv.gob.pa\/nacionalfm\/wp-json\/wp\/v2\/posts\/17115\/revisions"}],"wp:featuredmedia":[{"embeddable":true,"href":"https:\/\/sertv.gob.pa\/nacionalfm\/wp-json\/wp\/v2\/media\/17116"}],"wp:attachment":[{"href":"https:\/\/sertv.gob.pa\/nacionalfm\/wp-json\/wp\/v2\/media?parent=17115"}],"wp:term":[{"taxonomy":"category","embeddable":true,"href":"https:\/\/sertv.gob.pa\/nacionalfm\/wp-json\/wp\/v2\/categories?post=17115"},{"taxonomy":"post_tag","embeddable":true,"href":"https:\/\/sertv.gob.pa\/nacionalfm\/wp-json\/wp\/v2\/tags?post=17115"}],"curies":[{"name":"wp","href":"https:\/\/api.w.org\/{rel}","templated":true}]}}