{"id":17137,"date":"2016-11-24T15:46:33","date_gmt":"2016-11-24T15:46:33","guid":{"rendered":""},"modified":"2016-11-24T15:46:33","modified_gmt":"2016-11-24T15:46:33","slug":"retorna-la-fiera-chantal-martinez","status":"publish","type":"post","link":"https:\/\/sertv.gob.pa\/nacionalfm\/retorna-la-fiera-chantal-martinez\/","title":{"rendered":"Retorna \u201cLa Fiera\u201d Chantal Mart\u00ednez"},"content":{"rendered":"<p>\n &ldquo;El Retorno de la Fiera&rdquo; as\u00ed se denomina la cartelera box\u00edstica que presenta Manuel P\u00e9rez Barreiro, junto a su concertador Francisco Cornejo, para este 3 de diciembre en el restaurante Palacio Dorado.  <\/p>\n<p> En la pelea estelar la ex campeona mundial de los supergallos Chantal &ldquo;La Fiera&rdquo; Mart\u00ednez retorna ante su fanaticada de Panam\u00e1 disputando el t\u00edtulo FEDELATIN de los supergallos de la Asociaci\u00f3n Mundial de Boxeo ante la colombiana Paulina Cardona.  <\/p>\n<p> La coestelar estar\u00e1 a cargo de la verag\u00fcense Nataly Delgado tambi\u00e9n donde se dirimir\u00e1 el t\u00edtulo femenino de los minimosca FEDELATIN de la AMB, con la venezolana Eva Guzm\u00e1n.  <\/p>\n<p> En choque de venezolanos Iv\u00e1n Matute disputar\u00e1 el t\u00edtulo interino Latino del Consejo Mundial de Boxeo de los pesos welter a Dominicio Rond\u00f3n, en la cartilla tambi\u00e9n se incluy\u00f3 el encuentro entre el invicto p\u00fagil local Alexander Dur\u00e1n ante Adrain P\u00e9rez de Venezuela.  <\/p>\n<p> Luego de una lesi\u00f3n retorna al cuadril\u00e1tero Alberto &ldquo;Metralleta&rdquo; Mosquera a quien se le busca rival y dos combates m\u00e1s.  <\/p>\n<p> \u00a0  <\/p>\n","protected":false},"excerpt":{"rendered":"<p>&ldquo;El Retorno de la Fiera&rdquo; as\u00ed se denomina la cartelera <a href=\"https:\/\/sertv.gob.pa\/nacionalfm\/retorna-la-fiera-chantal-martinez\/\"> [&#8230;]<\/a><\/p>\n","protected":false},"author":1,"featured_media":17138,"comment_status":"closed","ping_status":"closed","sticky":false,"template":"","format":"standard","meta":{"footnotes":""},"categories":[4],"tags":[],"class_list":["post-17137","post","type-post","status-publish","format-standard","has-post-thumbnail","hentry","category-deportes"],"_links":{"self":[{"href":"https:\/\/sertv.gob.pa\/nacionalfm\/wp-json\/wp\/v2\/posts\/17137","targetHints":{"allow":["GET"]}}],"collection":[{"href":"https:\/\/sertv.gob.pa\/nacionalfm\/wp-json\/wp\/v2\/posts"}],"about":[{"href":"https:\/\/sertv.gob.pa\/nacionalfm\/wp-json\/wp\/v2\/types\/post"}],"author":[{"embeddable":true,"href":"https:\/\/sertv.gob.pa\/nacionalfm\/wp-json\/wp\/v2\/users\/1"}],"replies":[{"embeddable":true,"href":"https:\/\/sertv.gob.pa\/nacionalfm\/wp-json\/wp\/v2\/comments?post=17137"}],"version-history":[{"count":0,"href":"https:\/\/sertv.gob.pa\/nacionalfm\/wp-json\/wp\/v2\/posts\/17137\/revisions"}],"wp:featuredmedia":[{"embeddable":true,"href":"https:\/\/sertv.gob.pa\/nacionalfm\/wp-json\/wp\/v2\/media\/17138"}],"wp:attachment":[{"href":"https:\/\/sertv.gob.pa\/nacionalfm\/wp-json\/wp\/v2\/media?parent=17137"}],"wp:term":[{"taxonomy":"category","embeddable":true,"href":"https:\/\/sertv.gob.pa\/nacionalfm\/wp-json\/wp\/v2\/categories?post=17137"},{"taxonomy":"post_tag","embeddable":true,"href":"https:\/\/sertv.gob.pa\/nacionalfm\/wp-json\/wp\/v2\/tags?post=17137"}],"curies":[{"name":"wp","href":"https:\/\/api.w.org\/{rel}","templated":true}]}}